{"id":1256,"date":"2012-06-13T18:30:25","date_gmt":"2012-06-13T22:30:25","guid":{"rendered":"http:\/\/www.radiochiloe.cl\/?p=1256"},"modified":"2012-06-13T18:30:25","modified_gmt":"2012-06-13T22:30:25","slug":"destacan-aprobacion-deforma-unanime-del-bono-solidario-de-alimentos","status":"publish","type":"post","link":"https:\/\/www.radiochiloe.cl\/?p=1256","title":{"rendered":"Destacan aprobaci\u00f3n deforma un\u00e1nime del Bono Solidario de alimentos"},"content":{"rendered":"<p style=\"text-align: justify;\">Gobernador de Chilo\u00e9 C\u00e9sar Zambrano, valor\u00f3 la aprobaci\u00f3n de este proyecto de ley, beneficio que llegar\u00e1 a las familias m\u00e1s pobres del Pa\u00eds. La meta es comenzar a pagar este bono el d\u00eda 5 de julio.<\/p>\n<p style=\"text-align: justify;\">Luego de que hoy, se aprobara por unanimidad, en el Senado el proyecto de ley que establece el bono solidario de alimentos para las familias m\u00e1s pobres, la m\u00e1xima autoridad Provincial de Chilo\u00e9, C\u00e9sar Zambrano, destac\u00f3 la aprobaci\u00f3n de este beneficio.<\/p>\n<p style=\"text-align: justify;\">\u201cFue un compromiso adquirido en su Cuenta P\u00fablica al pa\u00eds del pasado 21 de mayo, vemos con orgullo la ejecuci\u00f3n de una iniciativa que permitir\u00e1 que las familias perciban un ingreso extra de 40 mil pesos por familia y un adicional de 7 mil 500 por cada hijo, beneficio que llegar\u00e1 a un mill\u00f3n 940 mil familias, que equivalen a 7 millones 132 mil personas, en todo el Pa\u00eds, de las cuales 109 mil 130 pertenece a la regi\u00f3n de los Lagos. Estamos muy conscientes que no es la soluci\u00f3n al problema, pero s\u00ed sabemos que constituye un importante alivio para las familias\u201d, expres\u00f3 la autoridad.<\/p>\n<p style=\"text-align: justify;\">En Chilo\u00e9 y en todo el Pa\u00eds se dar\u00e1 cumplimiento a este proyecto a contar del pr\u00f3ximo 5 de julio. Para recibir el bono, las familias deben tener Subsidio \u00danico Familiar, Asignaci\u00f3n Familiar o Asignaci\u00f3n Social, junto con contar con una Ficha de Protecci\u00f3n Social.<\/p>\n<p style=\"text-align: justify;\">Departamento de Prensa<\/p>\n","protected":false},"excerpt":{"rendered":"<p>Gobernador de Chilo\u00e9 C\u00e9sar Zambrano, valor\u00f3 la aprobaci\u00f3n de este proyecto de ley, beneficio que llegar\u00e1 a las familias m\u00e1s pobres del Pa\u00eds. La meta es comenzar a pagar este bono el d\u00eda 5 de julio. Luego de que hoy, se aprobara por unanimidad, en el Senado el proyecto de ley que establece el bono [&hellip;]<\/p>\n","protected":false},"author":2,"featured_media":1257,"comment_status":"open","ping_status":"open","sticky":false,"template":"","format":"standard","meta":[],"categories":[3],"tags":[5],"jetpack_featured_media_url":"https:\/\/www.radiochiloe.cl\/wp-content\/uploads\/2012\/06\/bonosolidario.jpg","_links":{"self":[{"href":"https:\/\/www.radiochiloe.cl\/index.php?rest_route=\/wp\/v2\/posts\/1256"}],"collection":[{"href":"https:\/\/www.radiochiloe.cl\/index.php?rest_route=\/wp\/v2\/posts"}],"about":[{"href":"https:\/\/www.radiochiloe.cl\/index.php?rest_route=\/wp\/v2\/types\/post"}],"author":[{"embeddable":true,"href":"https:\/\/www.radiochiloe.cl\/index.php?rest_route=\/wp\/v2\/users\/2"}],"replies":[{"embeddable":true,"href":"https:\/\/www.radiochiloe.cl\/index.php?rest_route=%2Fwp%2Fv2%2Fcomments&post=1256"}],"version-history":[{"count":3,"href":"https:\/\/www.radiochiloe.cl\/index.php?rest_route=\/wp\/v2\/posts\/1256\/revisions"}],"predecessor-version":[{"id":1260,"href":"https:\/\/www.radiochiloe.cl\/index.php?rest_route=\/wp\/v2\/posts\/1256\/revisions\/1260"}],"wp:featuredmedia":[{"embeddable":true,"href":"https:\/\/www.radiochiloe.cl\/index.php?rest_route=\/wp\/v2\/media\/1257"}],"wp:attachment":[{"href":"https:\/\/www.radiochiloe.cl\/index.php?rest_route=%2Fwp%2Fv2%2Fmedia&parent=1256"}],"wp:term":[{"taxonomy":"category","embeddable":true,"href":"https:\/\/www.radiochiloe.cl\/index.php?rest_route=%2Fwp%2Fv2%2Fcategories&post=1256"},{"taxonomy":"post_tag","embeddable":true,"href":"https:\/\/www.radiochiloe.cl\/index.php?rest_route=%2Fwp%2Fv2%2Ftags&post=1256"}],"curies":[{"name":"wp","href":"https:\/\/api.w.org\/{rel}","templated":true}]}}