{"id":126,"date":"2012-05-28T14:31:13","date_gmt":"2012-05-28T18:31:13","guid":{"rendered":"http:\/\/www.radiochiloe.cl\/wp\/?p=126"},"modified":"2012-05-28T14:34:10","modified_gmt":"2012-05-28T18:34:10","slug":"bienes-nacionales-licitara-estudio-para-conocer-ofertas-turisticas-en-region-de-los-lagos-y-aysen","status":"publish","type":"post","link":"https:\/\/www.radiochiloe.cl\/?p=126","title":{"rendered":"Bienes Nacionales licitar\u00e1 estudio para conocer ofertas tur\u00edsticas en regi\u00f3n de Los Lagos y Ays\u00e9n"},"content":{"rendered":"<p style=\"text-align: justify;\">El principal objetivo es efectuar un diagn\u00f3stico y caracterizaci\u00f3n de inmuebles de propiedad fiscal, que eval\u00fae el actual potencial y proyecci\u00f3n para el desarrollo tur\u00edstico en la zona. El plazo para la recepci\u00f3n de ofertas se extendi\u00f3 hasta el 31 de mayo del presente a\u00f1o.<\/p>\n<p style=\"text-align: justify;\">El Ministerio de Bienes Nacionales mantiene abierta una licitaci\u00f3n para la realizaci\u00f3n de una investigaci\u00f3n, la cual se conoce con el nombre de \u201cEstudio de diagn\u00f3stico y an\u00e1lisis de terrenos fiscales con alto potencial tur\u00edstico para generar una oferta p\u00fablica en las regiones de Los Lagos y Ays\u00e9n\u201d, la cual pretende conocer el potencial tur\u00edstico de diversos inmuebles fiscales en ambas regiones.<\/p>\n<p style=\"text-align: justify;\">La idea que sustenta el estudio es lograr obtener informaci\u00f3n acerca de las ventajas tur\u00edsticas de 8 comunas pertenecientes a las regiones ya mencionadas. Las comunas en cuesti\u00f3n son Palena, Futaleuf\u00fa y Chait\u00e9n \u2013en el caso de la regi\u00f3n de Los Lagos- y Lago Verde, Cisnes, Ays\u00e9n, Coyhaique y R\u00edo Ib\u00e1\u00f1ez \u2013en el caso de la regi\u00f3n de Ays\u00e9n.<\/p>\n<p style=\"text-align: justify;\">Los principales objetivos de dicho estudio son efectuar un diagn\u00f3stico y caracterizaci\u00f3n de los inmuebles de propiedad fiscal, desde el punto de vista de su potencial y proyecci\u00f3n para el desarrollo tur\u00edstico, sistematizar la demanda que actualmente existe por terrenos fiscales para usos tur\u00edsticos que permita generar una estrategia de gesti\u00f3n inmobiliaria, propuesta de negocios y una oferta p\u00fablica orientada a la atracci\u00f3n de inversiones en el \u00e1mbito del turismo, entre otros.<\/p>\n<p style=\"text-align: justify;\">\u201cEl estudio considera entre sus objetivos la realizaci\u00f3n de un diagn\u00f3stico de car\u00e1cter territorial y an\u00e1lisis de mercado que tiene por objeto definir la demanda de suelo a corto y mediano plazo \u2013de 5 a 15 a\u00f1os- relativo al desarrollo de proyectos tur\u00edsticos ambientalmente sustentables en la regi\u00f3n\u201d, indic\u00f3 la Seremi de Bienes Nacionales de la regi\u00f3n de Los Lagos, Carolina Hayal. \u201cUna vez terminado el estudio se espera identificar y caracterizar los territorios fiscales con potencial de desarrollo tur\u00edstico, levantar informaci\u00f3n topogr\u00e1fica de cada uno de los sectores seleccionados, identificar, evaluar y fundamentar las actividades susceptibles de desarrollar como la pesca, cabalgata, monta\u00f1ismo, kayak, etc.\u201d, precis\u00f3 Hayal.<\/p>\n<p style=\"text-align: justify;\">Por su parte, el Seremi de Bienes Nacionales de la regi\u00f3n de Ays\u00e9n, Carlos Pacheco Toledo, indic\u00f3 que \u201cuna de las caracter\u00edsticas que destacan a Ays\u00e9n, es la gran cantidad de bellezas naturales que presentan sus paisajes, y un porcentaje importante de \u00e9stas, son inmuebles de propiedad fiscal. Por ello es de gran importancia que el Ministerio de Bienes Nacionales cuente con un registro que presente el potencial y la proyecci\u00f3n para el desarrollo tur\u00edstico de estos terrenos, de manera de poder ofrecer una propuesta p\u00fablica, orientada a la atracci\u00f3n de inversiones en el \u00e1mbito del turismo\u201d.<\/p>\n<p style=\"text-align: justify;\">La realizaci\u00f3n del estudio se encuentra actualmente en una licitaci\u00f3n abierta, cuyas bases y alcances est\u00e1n disponibles en el portal www.mercadopublico.cl. Aunque en primera instancia el plazo para la entrega electr\u00f3nica de las ofertas venc\u00eda originalmente el d\u00eda mi\u00e9rcoles 4 de abril, est\u00e9 se extendi\u00f3 hasta las 15:00 horas del pr\u00f3ximo 31 de mayo del a\u00f1o en curso.<\/p>\n<p style=\"text-align: justify;\">Departamento de Prensa<\/p>\n","protected":false},"excerpt":{"rendered":"<p>El principal objetivo es efectuar un diagn\u00f3stico y caracterizaci\u00f3n de inmuebles de propiedad fiscal, que eval\u00fae el actual potencial y proyecci\u00f3n para el desarrollo tur\u00edstico en la zona. El plazo para la recepci\u00f3n de ofertas se extendi\u00f3 hasta el 31 de mayo del presente a\u00f1o. El Ministerio de Bienes Nacionales mantiene abierta una licitaci\u00f3n para [&hellip;]<\/p>\n","protected":false},"author":1,"featured_media":131,"comment_status":"open","ping_status":"open","sticky":false,"template":"","format":"standard","meta":[],"categories":[3],"tags":[28,5],"jetpack_featured_media_url":"https:\/\/www.radiochiloe.cl\/wp-content\/uploads\/2012\/05\/ofertasturisticas2.jpg","_links":{"self":[{"href":"https:\/\/www.radiochiloe.cl\/index.php?rest_route=\/wp\/v2\/posts\/126"}],"collection":[{"href":"https:\/\/www.radiochiloe.cl\/index.php?rest_route=\/wp\/v2\/posts"}],"about":[{"href":"https:\/\/www.radiochiloe.cl\/index.php?rest_route=\/wp\/v2\/types\/post"}],"author":[{"embeddable":true,"href":"https:\/\/www.radiochiloe.cl\/index.php?rest_route=\/wp\/v2\/users\/1"}],"replies":[{"embeddable":true,"href":"https:\/\/www.radiochiloe.cl\/index.php?rest_route=%2Fwp%2Fv2%2Fcomments&post=126"}],"version-history":[{"count":4,"href":"https:\/\/www.radiochiloe.cl\/index.php?rest_route=\/wp\/v2\/posts\/126\/revisions"}],"predecessor-version":[{"id":130,"href":"https:\/\/www.radiochiloe.cl\/index.php?rest_route=\/wp\/v2\/posts\/126\/revisions\/130"}],"wp:featuredmedia":[{"embeddable":true,"href":"https:\/\/www.radiochiloe.cl\/index.php?rest_route=\/wp\/v2\/media\/131"}],"wp:attachment":[{"href":"https:\/\/www.radiochiloe.cl\/index.php?rest_route=%2Fwp%2Fv2%2Fmedia&parent=126"}],"wp:term":[{"taxonomy":"category","embeddable":true,"href":"https:\/\/www.radiochiloe.cl\/index.php?rest_route=%2Fwp%2Fv2%2Fcategories&post=126"},{"taxonomy":"post_tag","embeddable":true,"href":"https:\/\/www.radiochiloe.cl\/index.php?rest_route=%2Fwp%2Fv2%2Ftags&post=126"}],"curies":[{"name":"wp","href":"https:\/\/api.w.org\/{rel}","templated":true}]}}