{"id":1262,"date":"2012-06-14T07:00:03","date_gmt":"2012-06-14T11:00:03","guid":{"rendered":"http:\/\/www.radiochiloe.cl\/?p=1262"},"modified":"2012-06-13T19:14:22","modified_gmt":"2012-06-13T23:14:22","slug":"comision-de-gobierno-interior-despacho-proyecto-que-modifica-la-escala-de-sueldos-de-funcionarios-municipales","status":"publish","type":"post","link":"https:\/\/www.radiochiloe.cl\/?p=1262","title":{"rendered":"Comisi\u00f3n de Gobierno Interior despach\u00f3 proyecto que modifica la escala de sueldos de funcionarios municipales"},"content":{"rendered":"<p style=\"text-align: justify;\">(FOTO ARCHIVO)<\/p>\n<p style=\"text-align: justify;\">Como un gran avance para mejorar las condiciones de los funcionarios municipales calific\u00f3 el diputado Ram\u00f3n Far\u00edas (PPD), el r\u00e1pido despacho de la Comisi\u00f3n de Gobierno Interior del proyecto que modifica la escala de sueldos base fijada para el personal de las municipalidades por el art\u00edculo 23 del decreto ley N\u00b0 3.551, de 1980.<\/p>\n<p style=\"text-align: justify;\">\u201cSin duda que estamos contentos porque este es un anhelo de mucho tiempo. En la \u00e9poca en que fui alcalde ya se discut\u00eda y se ve\u00eda muy lejana la salida al problema, y por lo mismo, me enorgullece haber sido parte de la soluci\u00f3n y celebro el f\u00e1cil despacho de esta iniciativa\u201d, indic\u00f3 el diputado Far\u00edas.<\/p>\n<p style=\"text-align: justify;\">En este sentido, el presidente de la Asociaci\u00f3n de Funcionarios Municipales, Oscar Y\u00e1\u00f1ez, afirm\u00f3 que \u201cnuestra satisfacci\u00f3n radica en que este proyecto permite mejorar los sueldos base y con ello se acorta la brecha entre las distintas escalas de los funcionarios de la administraci\u00f3n central y los funcionarios municipales, no se elimina, pero es un avance para reducir la desigualdad que existe en la administraci\u00f3n del Estado\u201d.<\/p>\n<p style=\"text-align: justify;\">El diputado Far\u00edas coincidi\u00f3 con el dirigente \u201cporque a\u00fan estamos al debe si comparamos la situaci\u00f3n de los funcionarios a nivel central y de los municipales en las escalas de sueldo. Este proyecto tiende precisamente a mejorar esa escala, no es lo ideal, pero se acerca a mejorar las condiciones de los trabajadores de las municipalidades de Chile, y sin duda, implica un gran paso\u201d.<\/p>\n<p style=\"text-align: justify;\">En esta misma l\u00ednea, el parlamentario destac\u00f3 el consenso con que ingres\u00f3 la iniciativa legal. \u201cHubo un trabajo unido entre los funcionarios, la asociaci\u00f3n de municipalidades y el gobierno para consensuar este proyecto, y creo que es una se\u00f1al importante para que muchas autoridades entiendan que cuando se trabaja en conjunto, es mucho m\u00e1s f\u00e1cil y r\u00e1pido despachar los distintos proyectos\u201d.<\/p>\n<p style=\"text-align: justify;\">La iniciativa contempla que el aumento de remuneraciones se haga de manera progresiva, en un plazo de cuatro a\u00f1os, de manera de que en dicho t\u00e9rmino, el sistema funcione en r\u00e9gimen, igualando las escalas de remuneraciones, en cuanto al sueldo base, de los sectores municipal y p\u00fablico.<\/p>\n<p style=\"text-align: justify;\">El cofinanciamiento es otro de los aspectos importantes, pues se establece que el Fisco y las trescientas cuarenta y cinco municipalidades del pa\u00eds aportar\u00e1n los recursos que se requieren. As\u00ed, el Fisco aportar\u00e1 a las municipalidades, durante los a\u00f1os 2012 y 2013, la cantidad de 6 mil millones de pesos, en cada uno de dichos a\u00f1os.<\/p>\n<p style=\"text-align: justify;\">Departamento de Prensa<\/p>\n<p style=\"text-align: justify;\">(FUENTE\u00a0C\u00c1MARA\u00a0DE DIPUTADOS)<\/p>\n","protected":false},"excerpt":{"rendered":"<p>(FOTO ARCHIVO) Como un gran avance para mejorar las condiciones de los funcionarios municipales calific\u00f3 el diputado Ram\u00f3n Far\u00edas (PPD), el r\u00e1pido despacho de la Comisi\u00f3n de Gobierno Interior del proyecto que modifica la escala de sueldos base fijada para el personal de las municipalidades por el art\u00edculo 23 del decreto ley N\u00b0 3.551, de [&hellip;]<\/p>\n","protected":false},"author":2,"featured_media":1263,"comment_status":"open","ping_status":"open","sticky":false,"template":"","format":"standard","meta":[],"categories":[3],"tags":[5],"jetpack_featured_media_url":"https:\/\/www.radiochiloe.cl\/wp-content\/uploads\/2012\/06\/frontismunicipio.jpg","_links":{"self":[{"href":"https:\/\/www.radiochiloe.cl\/index.php?rest_route=\/wp\/v2\/posts\/1262"}],"collection":[{"href":"https:\/\/www.radiochiloe.cl\/index.php?rest_route=\/wp\/v2\/posts"}],"about":[{"href":"https:\/\/www.radiochiloe.cl\/index.php?rest_route=\/wp\/v2\/types\/post"}],"author":[{"embeddable":true,"href":"https:\/\/www.radiochiloe.cl\/index.php?rest_route=\/wp\/v2\/users\/2"}],"replies":[{"embeddable":true,"href":"https:\/\/www.radiochiloe.cl\/index.php?rest_route=%2Fwp%2Fv2%2Fcomments&post=1262"}],"version-history":[{"count":3,"href":"https:\/\/www.radiochiloe.cl\/index.php?rest_route=\/wp\/v2\/posts\/1262\/revisions"}],"predecessor-version":[{"id":1266,"href":"https:\/\/www.radiochiloe.cl\/index.php?rest_route=\/wp\/v2\/posts\/1262\/revisions\/1266"}],"wp:featuredmedia":[{"embeddable":true,"href":"https:\/\/www.radiochiloe.cl\/index.php?rest_route=\/wp\/v2\/media\/1263"}],"wp:attachment":[{"href":"https:\/\/www.radiochiloe.cl\/index.php?rest_route=%2Fwp%2Fv2%2Fmedia&parent=1262"}],"wp:term":[{"taxonomy":"category","embeddable":true,"href":"https:\/\/www.radiochiloe.cl\/index.php?rest_route=%2Fwp%2Fv2%2Fcategories&post=1262"},{"taxonomy":"post_tag","embeddable":true,"href":"https:\/\/www.radiochiloe.cl\/index.php?rest_route=%2Fwp%2Fv2%2Ftags&post=1262"}],"curies":[{"name":"wp","href":"https:\/\/api.w.org\/{rel}","templated":true}]}}