{"id":1267,"date":"2012-06-14T07:30:52","date_gmt":"2012-06-14T11:30:52","guid":{"rendered":"http:\/\/www.radiochiloe.cl\/?p=1267"},"modified":"2012-06-13T19:19:57","modified_gmt":"2012-06-13T23:19:57","slug":"decenas-de-agricultores-ancuditanos-completaron-cursos-de-capacitacion","status":"publish","type":"post","link":"https:\/\/www.radiochiloe.cl\/?p=1267","title":{"rendered":"Decenas de agricultores ancuditanos completaron cursos de capacitaci\u00f3n"},"content":{"rendered":"<p style=\"text-align: justify;\">Un total de 40 agricultores ancuditanos, fueron instruidos por el \u201cPrograma de Capacitaci\u00f3n M\u00f3vil\u201d del Instituto de Desarrollo Agropecuario.<\/p>\n<p style=\"text-align: justify;\">Los cursos manejo inocuo y sustentable de hortalizas y contabilidad b\u00e1sica, permitieron a los vecinos de diversos sectores de la tierra del Pudeto potenciar sus habilidades en dichos temas en tan solo dos d\u00edas y medio de clases. Para ello, aprovecharon un cami\u00f3n especialmente habilitado que se instal\u00f3 frente al municipio local.<\/p>\n<p style=\"text-align: justify;\">\u201cSon m\u00f3dulos muy cortitos, en los que la gente se capacita en materias que a lo mejor conoce, pero que es bueno reforzar, ense\u00f1ando maneras innovadoras de hacer las cosas, de hacerlas mejor\u201d, se\u00f1al\u00f3 Claudio Ernst, director regional de INDAP.<\/p>\n<p style=\"text-align: justify;\">Alrededor de 340 personas se han capacitado en Chilo\u00e9 a trav\u00e9s de esta iniciativa, que pretende llegar a las mil en todo Los Lagos, siendo uno de los objetivos que los propios alumnos informaran cu\u00e1les eran sus intereses. \u201cNos han entregado ideas muy buenas, como computaci\u00f3n, asociatividad y otras\u201d, agreg\u00f3 Ernst.<\/p>\n<p style=\"text-align: justify;\">El alcalde de Ancud, Federico Kruger valor\u00f3 la preocupaci\u00f3n del organismo estatal por la comuna, resaltando el v\u00ednculo con el ente edilicio.<\/p>\n<p style=\"text-align: justify;\">\u201cEs algo extraordinario. Son 50 a\u00f1os de INDAP que viene a mejorar la asistencia t\u00e9cnica a los usuarios, ahora con estos cursos para personas que en su mayor\u00eda trabajan con nosotros en Prodesal\u201d, coment\u00f3 el jefe consistorial.<\/p>\n<p style=\"text-align: justify;\">Por su parte, los agricultores resaltaron que esperan tener otros talleres para mejorar sus actividades productivas.<\/p>\n<p style=\"text-align: justify;\">\u201cEstamos contentos con lo que hemos aprendido a ver si pueden venir nuevos cursos, que son en nuestro bien porque nos falta capacitaci\u00f3n, ya que uno trabaja con un pie en el mar y otro en el campo\u201d, dijo Jos\u00e9 Paidanca, de Costa Manao.<\/p>\n<p style=\"text-align: justify;\">Departamento de Prensa<\/p>\n","protected":false},"excerpt":{"rendered":"<p>Un total de 40 agricultores ancuditanos, fueron instruidos por el \u201cPrograma de Capacitaci\u00f3n M\u00f3vil\u201d del Instituto de Desarrollo Agropecuario. Los cursos manejo inocuo y sustentable de hortalizas y contabilidad b\u00e1sica, permitieron a los vecinos de diversos sectores de la tierra del Pudeto potenciar sus habilidades en dichos temas en tan solo dos d\u00edas y medio [&hellip;]<\/p>\n","protected":false},"author":2,"featured_media":1268,"comment_status":"open","ping_status":"open","sticky":false,"template":"","format":"standard","meta":[],"categories":[3],"tags":[5],"jetpack_featured_media_url":"https:\/\/www.radiochiloe.cl\/wp-content\/uploads\/2012\/06\/certificacionindap.jpg","_links":{"self":[{"href":"https:\/\/www.radiochiloe.cl\/index.php?rest_route=\/wp\/v2\/posts\/1267"}],"collection":[{"href":"https:\/\/www.radiochiloe.cl\/index.php?rest_route=\/wp\/v2\/posts"}],"about":[{"href":"https:\/\/www.radiochiloe.cl\/index.php?rest_route=\/wp\/v2\/types\/post"}],"author":[{"embeddable":true,"href":"https:\/\/www.radiochiloe.cl\/index.php?rest_route=\/wp\/v2\/users\/2"}],"replies":[{"embeddable":true,"href":"https:\/\/www.radiochiloe.cl\/index.php?rest_route=%2Fwp%2Fv2%2Fcomments&post=1267"}],"version-history":[{"count":3,"href":"https:\/\/www.radiochiloe.cl\/index.php?rest_route=\/wp\/v2\/posts\/1267\/revisions"}],"predecessor-version":[{"id":1271,"href":"https:\/\/www.radiochiloe.cl\/index.php?rest_route=\/wp\/v2\/posts\/1267\/revisions\/1271"}],"wp:featuredmedia":[{"embeddable":true,"href":"https:\/\/www.radiochiloe.cl\/index.php?rest_route=\/wp\/v2\/media\/1268"}],"wp:attachment":[{"href":"https:\/\/www.radiochiloe.cl\/index.php?rest_route=%2Fwp%2Fv2%2Fmedia&parent=1267"}],"wp:term":[{"taxonomy":"category","embeddable":true,"href":"https:\/\/www.radiochiloe.cl\/index.php?rest_route=%2Fwp%2Fv2%2Fcategories&post=1267"},{"taxonomy":"post_tag","embeddable":true,"href":"https:\/\/www.radiochiloe.cl\/index.php?rest_route=%2Fwp%2Fv2%2Ftags&post=1267"}],"curies":[{"name":"wp","href":"https:\/\/api.w.org\/{rel}","templated":true}]}}