{"id":1273,"date":"2012-06-14T08:00:58","date_gmt":"2012-06-14T12:00:58","guid":{"rendered":"http:\/\/www.radiochiloe.cl\/?p=1273"},"modified":"2012-06-13T19:28:46","modified_gmt":"2012-06-13T23:28:46","slug":"a-ley-proyecto-que-declara-el-3-de-mayo-de-cada-ano-como-el-dia-nacional-del-trabajador-forestal","status":"publish","type":"post","link":"https:\/\/www.radiochiloe.cl\/?p=1273","title":{"rendered":"A ley proyecto que declara el 3 de mayo de cada a\u00f1o como el D\u00eda Nacional del Trabajador Forestal"},"content":{"rendered":"<p style=\"text-align: justify;\">(FOTO ARCHIVO)<\/p>\n<p style=\"text-align: justify;\">La iniciativa tuvo su origen en una moci\u00f3n que fue presentada por un grupo de diputados.<\/p>\n<p style=\"text-align: justify;\">Por unanimidad, la Sala del Senado aprob\u00f3, sin modificaciones, el proyecto que declara el 3 de mayo de cada a\u00f1o, como el D\u00eda Nacional del Trabajador Forestal. Con ello, la iniciativa qued\u00f3 en condiciones de convertirse en ley.<\/p>\n<p style=\"text-align: justify;\">Los autores de este texto legal argumentaron que \u00abel desarrollo de la actividad forestal ha tenido un crecimiento importante para nuestra econom\u00eda en las \u00faltimas d\u00e9cadas, constituyendo una base importante de la misma. Producto de esto, es el considerable aumento del n\u00famero de trabajadores que se desempe\u00f1an en esta \u00e1rea de la actividad econ\u00f3mica\u00bb.<\/p>\n<p style=\"text-align: justify;\">Precisaron que \u00abel trabajador forestal es aquel que realiza labores directas de roce, plantaci\u00f3n, poda, raleo, corta, aserreo, madereo, cuidado y explotaci\u00f3n de bosques, bajo las \u00f3rdenes del due\u00f1o del predio, obra o faena, o de su contratista o subcontratista.<\/p>\n<p style=\"text-align: justify;\">A\u00f1adieron que \u00abellos son personas sacrificadas y abnegadas que han debido luchar -como otros segmentos de trabajadores en otro momento hist\u00f3rico- por el respeto de sus derechos laborales en forma constante. Es en el desarrollo de estas reivindicaciones, es que estos trabajadores fueron testigos, de como uno de sus miembros fue abatido en la defensa de sus derechos laborales, constituy\u00e9ndose en el primer m\u00e1rtir de este grupo de trabajadores\u00bb.<\/p>\n<p style=\"text-align: justify;\">Recordaron que \u00abel 3 de mayo del 2007, Rodrigo Cisternas Fern\u00e1ndez, de 26 a\u00f1os de edad, muri\u00f3 baleado por Carabineros en la ruta 160, en medio de una protesta realizada por trabajadores de la forestal Bosques Arauco que demandaban mejoras salariales.<\/p>\n<p style=\"text-align: justify;\">\u201cCreemos necesario crear el D\u00eda Nacional del Trabajador Forestal con el objeto de entregarle el reconocimiento que merece a este grupo de empleados que forman parte importante de la producci\u00f3n econ\u00f3mica de nuestro pa\u00eds y por mucho tiempo han transitado por el camino de la indiferencia social atendida el alto grado de vulnerabilidad en sus garant\u00edas laborales\u00bb.<\/p>\n<p style=\"text-align: justify;\">En lo fundamental, el texto legal establece que \u00abdecl\u00e1rese el 3 de mayo como el D\u00eda Nacional del Trabajador Forestal debiendo programarse para este efecto, actividades en los establecimientos educacionales del pa\u00eds\u00bb.<\/p>\n<p style=\"text-align: justify;\">Departamento de Prensa<\/p>\n<p style=\"text-align: justify;\">(FUENTE\u00a0C\u00c1MARA\u00a0DEL \u00a0SENADO)<\/p>\n","protected":false},"excerpt":{"rendered":"<p>(FOTO ARCHIVO) La iniciativa tuvo su origen en una moci\u00f3n que fue presentada por un grupo de diputados. Por unanimidad, la Sala del Senado aprob\u00f3, sin modificaciones, el proyecto que declara el 3 de mayo de cada a\u00f1o, como el D\u00eda Nacional del Trabajador Forestal. Con ello, la iniciativa qued\u00f3 en condiciones de convertirse en [&hellip;]<\/p>\n","protected":false},"author":2,"featured_media":1274,"comment_status":"open","ping_status":"open","sticky":false,"template":"","format":"standard","meta":[],"categories":[3],"tags":[5],"jetpack_featured_media_url":"https:\/\/www.radiochiloe.cl\/wp-content\/uploads\/2012\/06\/trabajadorforestal.jpg","_links":{"self":[{"href":"https:\/\/www.radiochiloe.cl\/index.php?rest_route=\/wp\/v2\/posts\/1273"}],"collection":[{"href":"https:\/\/www.radiochiloe.cl\/index.php?rest_route=\/wp\/v2\/posts"}],"about":[{"href":"https:\/\/www.radiochiloe.cl\/index.php?rest_route=\/wp\/v2\/types\/post"}],"author":[{"embeddable":true,"href":"https:\/\/www.radiochiloe.cl\/index.php?rest_route=\/wp\/v2\/users\/2"}],"replies":[{"embeddable":true,"href":"https:\/\/www.radiochiloe.cl\/index.php?rest_route=%2Fwp%2Fv2%2Fcomments&post=1273"}],"version-history":[{"count":3,"href":"https:\/\/www.radiochiloe.cl\/index.php?rest_route=\/wp\/v2\/posts\/1273\/revisions"}],"predecessor-version":[{"id":1277,"href":"https:\/\/www.radiochiloe.cl\/index.php?rest_route=\/wp\/v2\/posts\/1273\/revisions\/1277"}],"wp:featuredmedia":[{"embeddable":true,"href":"https:\/\/www.radiochiloe.cl\/index.php?rest_route=\/wp\/v2\/media\/1274"}],"wp:attachment":[{"href":"https:\/\/www.radiochiloe.cl\/index.php?rest_route=%2Fwp%2Fv2%2Fmedia&parent=1273"}],"wp:term":[{"taxonomy":"category","embeddable":true,"href":"https:\/\/www.radiochiloe.cl\/index.php?rest_route=%2Fwp%2Fv2%2Fcategories&post=1273"},{"taxonomy":"post_tag","embeddable":true,"href":"https:\/\/www.radiochiloe.cl\/index.php?rest_route=%2Fwp%2Fv2%2Ftags&post=1273"}],"curies":[{"name":"wp","href":"https:\/\/api.w.org\/{rel}","templated":true}]}}