{"id":1278,"date":"2012-06-14T09:30:45","date_gmt":"2012-06-14T13:30:45","guid":{"rendered":"http:\/\/www.radiochiloe.cl\/?p=1278"},"modified":"2012-06-13T19:43:08","modified_gmt":"2012-06-13T23:43:08","slug":"esta-definida-en-un-100-plantilla-de-concejales-socialista-en-chiloe-y-palena","status":"publish","type":"post","link":"https:\/\/www.radiochiloe.cl\/?p=1278","title":{"rendered":"Esta definida en un 100% plantilla de concejales socialista en Chilo\u00e9 y Palena"},"content":{"rendered":"<p style=\"text-align: justify;\">La futura candidata al parlamento por Chilo\u00e9 y Palena Jenny \u00c1lvarez inform\u00f3 que la plantilla a concejales del partido Socialista en la Isla de Chilo\u00e9 y en la Provincia de Palena est\u00e1 absolutamente definida, y que desde esta fecha los candidatos (as) ya ratificados por la comisi\u00f3n pol\u00edtica de la colectividad, deben comenzar a trabajar en busca de ser elegidos en las elecciones municipales de octubre pr\u00f3ximo.<\/p>\n<p style=\"text-align: justify;\">\u00c1lvarez se\u00f1al\u00f3 que ser\u00e1 prioridad del partido Socialista elegir un concejal en cada comuna de la regi\u00f3n. \u201cActualmente el PS tiene 30 concejales en ejercicio, no obstante ello tenemos 8 comunas en donde no hay representantes socialistas en los concejos comunales. Esa ser\u00e1 nuestra primera tarea, que en el caso de Chilo\u00e9 solo se da en el caso de Dalcahue, pero en el caso de Palena se da en las 4 comuna de la provincia\u201d, enfatiz\u00f3 la ex candidata al Parlamento.<\/p>\n<p style=\"text-align: justify;\">Agreg\u00f3 Jenny \u00c1lvarez, quien adem\u00e1s es dirigente regional del bloque de izquierda, que \u201cla principal tarea ser\u00e1 ganar las alcald\u00edas que hoy est\u00e1n en manos del oficialismo, mantener las que est\u00e1n bajo la tutela de la Concertaci\u00f3n y obtener la mayor cantidad de concejales en cada comuna como coalici\u00f3n opositora. Con eso estaremos allanando fuertemente el camino para el regreso de Michelle Bachelet para presidir nuestro pa\u00eds\u201d, sostuvo.<\/p>\n<p style=\"text-align: justify;\">\u00c1lvarez rescat\u00f3 el hecho de que en Santiago se haya respetado en pr\u00e1cticamente un 97 por ciento las propuestas que emanaron desde la direcci\u00f3n regional de Los Lagos. \u201cSolo lamento que en Ancud, la compa\u00f1era Adriana Gallardo, quien ha sido una gran dirigente social, haya sido desplazada de su candidatura. Lo lamento, porque estaba convencida que ella podr\u00eda haber sido un tremendo aporte desde el Concejo Municipal de Ancud.\u201d, indic\u00f3.<\/p>\n<p style=\"text-align: justify;\">CUADRO DE CANDIDATURAS A CONCEJALES SOCIALSITAS EN CHILOE Y PALENA<\/p>\n<p style=\"text-align: justify;\">Ancud \u00a0 \u00a0 \u00a0 \u00a0 \u00a0 \u00a0 \u00a0 \u00a0 \u00a0 \u00a0 \u00a0 1. Manuel Mu\u00f1oz 2. Nelson Delgado 3.Jorge Mu\u00f1oz<br \/>\nCastro \u00a0 \u00a0 \u00a0 \u00a0 \u00a0 \u00a0 \u00a0 \u00a0 \u00a0 \u00a0 \u00a0 1. Marco Olivares 2.Enrique Vargas 3.Mar\u00eda Vega<br \/>\nChonchi \u00a0 \u00a0 \u00a0 \u00a0 \u00a0 \u00a0 \u00a0 \u00a0 \u00a0 \u00a01. Eduardo \u00c1lvarez 2. Juan Carlos Luna 3.Alexis Bravo<br \/>\nCuraco de V\u00e9lez \u00a0 \u00a01. Olga Rebolledo 2. Ra\u00fal Vidal 3. Ram\u00f3n Mart\u00ednez<br \/>\nDalcahue \u00a0 \u00a0 \u00a0 \u00a0 \u00a0 \u00a0 \u00a0 \u00a0 \u00a01. Francisco Ojeda 2. Sergio Yunger 3. Ram\u00f3n Vargas<br \/>\nPuqueld\u00f3n \u00a0 \u00a0 \u00a0 \u00a0 \u00a0 \u00a0 \u00a0 1. Carlos Uribe 2. Jaime Mansilla Haro. 3. Noem\u00ed Mella<br \/>\nQueilen \u00a0 \u00a0 \u00a0 \u00a0 \u00a0 \u00a0 \u00a0 \u00a0 \u00a0 \u00a0 1. Benito P\u00e9rez 2. Rosa Bahamondes. 3. Santiago Navarro<br \/>\nQuell\u00f3n \u00a0 \u00a0 \u00a0 \u00a0 \u00a0 \u00a0 \u00a0 \u00a0 \u00a0 \u00a0 1. Gabriela Gonz\u00e1lez 2.Renato Azocar 3. Fidel Cheun<br \/>\nQuemchi \u00a0 \u00a0 \u00a0 \u00a0 \u00a0 \u00a0 \u00a0 \u00a0 \u00a01. Javier Ugarte 2.Christian Ampuero 3. Alfonso Paillaleve<br \/>\nQuinchao \u00a0 \u00a0 \u00a0 \u00a0 \u00a0 \u00a0 \u00a0 \u00a0 1. Lautaro Garc\u00eda 2. Luis Alvarado 3. Patricio Garc\u00eda<\/p>\n<p style=\"text-align: justify;\">Provincia de Palena<\/p>\n<p style=\"text-align: justify;\">Chait\u00e9n \u00a0 \u00a0 \u00a0 \u00a0 \u00a0 \u00a0 \u00a0 \u00a0 \u00a0 1. Jos\u00e9 Sim\u00f3n Barrientos 2. Ra\u00fal Garc\u00eda 3. Mar\u00eda Delma Ojeda<br \/>\nFutaleuf\u00fa \u00a0 \u00a0 \u00a0 \u00a0 \u00a0 \u00a0 \u00a0 1. Guido retamal 2.V\u00edctor Rivera 3. Eva R\u00edos<br \/>\nHualaihu\u00e9 \u00a0 \u00a0 \u00a0 \u00a0 \u00a0 \u00a0 \u00a01. Rosa Romero 2. Jos\u00e9 Gonz\u00e1lez 3. Mar\u00eda Villagr\u00e1n<br \/>\nPalena \u00a0 \u00a0 \u00a0 \u00a0 \u00a0 \u00a0 \u00a0 \u00a0 \u00a0 \u00a0 1. Nelson Ojeda 2. H\u00e9ctor Casanova 3. Carolina Contreras<\/p>\n<p style=\"text-align: justify;\">Departamento de Prensa<\/p>\n","protected":false},"excerpt":{"rendered":"<p>La futura candidata al parlamento por Chilo\u00e9 y Palena Jenny \u00c1lvarez inform\u00f3 que la plantilla a concejales del partido Socialista en la Isla de Chilo\u00e9 y en la Provincia de Palena est\u00e1 absolutamente definida, y que desde esta fecha los candidatos (as) ya ratificados por la comisi\u00f3n pol\u00edtica de la colectividad, deben comenzar a trabajar [&hellip;]<\/p>\n","protected":false},"author":2,"featured_media":1279,"comment_status":"open","ping_status":"open","sticky":false,"template":"","format":"standard","meta":[],"categories":[3],"tags":[5],"jetpack_featured_media_url":"https:\/\/www.radiochiloe.cl\/wp-content\/uploads\/2012\/06\/jennyalvarez.jpg","_links":{"self":[{"href":"https:\/\/www.radiochiloe.cl\/index.php?rest_route=\/wp\/v2\/posts\/1278"}],"collection":[{"href":"https:\/\/www.radiochiloe.cl\/index.php?rest_route=\/wp\/v2\/posts"}],"about":[{"href":"https:\/\/www.radiochiloe.cl\/index.php?rest_route=\/wp\/v2\/types\/post"}],"author":[{"embeddable":true,"href":"https:\/\/www.radiochiloe.cl\/index.php?rest_route=\/wp\/v2\/users\/2"}],"replies":[{"embeddable":true,"href":"https:\/\/www.radiochiloe.cl\/index.php?rest_route=%2Fwp%2Fv2%2Fcomments&post=1278"}],"version-history":[{"count":5,"href":"https:\/\/www.radiochiloe.cl\/index.php?rest_route=\/wp\/v2\/posts\/1278\/revisions"}],"predecessor-version":[{"id":1284,"href":"https:\/\/www.radiochiloe.cl\/index.php?rest_route=\/wp\/v2\/posts\/1278\/revisions\/1284"}],"wp:featuredmedia":[{"embeddable":true,"href":"https:\/\/www.radiochiloe.cl\/index.php?rest_route=\/wp\/v2\/media\/1279"}],"wp:attachment":[{"href":"https:\/\/www.radiochiloe.cl\/index.php?rest_route=%2Fwp%2Fv2%2Fmedia&parent=1278"}],"wp:term":[{"taxonomy":"category","embeddable":true,"href":"https:\/\/www.radiochiloe.cl\/index.php?rest_route=%2Fwp%2Fv2%2Fcategories&post=1278"},{"taxonomy":"post_tag","embeddable":true,"href":"https:\/\/www.radiochiloe.cl\/index.php?rest_route=%2Fwp%2Fv2%2Ftags&post=1278"}],"curies":[{"name":"wp","href":"https:\/\/api.w.org\/{rel}","templated":true}]}}