{"id":1285,"date":"2012-06-14T10:00:26","date_gmt":"2012-06-14T14:00:26","guid":{"rendered":"http:\/\/www.radiochiloe.cl\/?p=1285"},"modified":"2012-06-13T20:02:39","modified_gmt":"2012-06-14T00:02:39","slug":"vecinos-de-la-isla-de-chelin-ya-cuentan-con-luz-electrica","status":"publish","type":"post","link":"https:\/\/www.radiochiloe.cl\/?p=1285","title":{"rendered":"Vecinos de la isla de Chel\u00edn ya cuentan con luz el\u00e9ctrica"},"content":{"rendered":"<p style=\"text-align: justify;\">Seis horas diarias de electricidad tienen las 105 familias que habitan en la \u00ednsula de la comuna de Castro tras la ejecuci\u00f3n del proyecto que encabez\u00f3 la Municipalidad de la capital provincial.<\/p>\n<p style=\"text-align: justify;\">Felicidad y emoci\u00f3n son los sentimientos que mejor describen la sensaci\u00f3n que durante estas \u00faltimas semanas embarga a los vecinos de la isla Chel\u00edn en la comuna de Castro, esto luego que se consiguiera que las 105 familias que habitan la isla cuenten con suministro el\u00e9ctrico por seis horas diarias, a partir de las seis de la tarde.<\/p>\n<p style=\"text-align: justify;\">Un tremendo logro calificado por los lugare\u00f1os, el que alcanz\u00f3 una inversi\u00f3n total de 404 millones de pesos y que se concret\u00f3 gracias a las diversas gestiones que realiz\u00f3 el municipio castre\u00f1o entendiendo la necesidad de los isle\u00f1os.<\/p>\n<p style=\"text-align: justify;\">Haciendo un poco de historia, a principios del a\u00f1o 2010 la isla contaba con dos sistemas precarios de generaci\u00f3n el\u00e9ctrica, las cuales dadas las nulas condiciones t\u00e9cnicas de transmisi\u00f3n de energ\u00eda, la poca capacidad de los generadores, las instalaciones domiciliarias realizadas fuera de toda norma, por mencionar algunos aspectos, hac\u00edan que el servicio otorgado fuese insuficiente.<\/p>\n<p style=\"text-align: justify;\">Seg\u00fan record\u00f3 el alcalde de la comuna de Castro, Nelson \u00c1guila Serpa, dada esta realidad es que durante el Gobierno de la presidenta Michelle Bachelet se comenz\u00f3 con la iniciativa de realizar un proyecto financiado por la Subsecretar\u00eda de Desarrollo Regional para ejecutar un proyecto de generaci\u00f3n y transmisi\u00f3n el\u00e9ctrica, el que se licita a mediados de 2010.<\/p>\n<p style=\"text-align: justify;\">Cabe recordar que el proyecto para dotar de electricidad a Chel\u00edn signific\u00f3 una inversi\u00f3n superior a los 263 millones de pesos en obras civiles, ejecutadas por la empresa Matilde Rozas, y significaron la construcci\u00f3n de redes de media tensi\u00f3n en una extensi\u00f3n de doce kil\u00f3metros; levantamiento de redes de baja tensi\u00f3n en una extensi\u00f3n de ocho kil\u00f3metros; construcci\u00f3n y habilitaci\u00f3n de la planta de generaci\u00f3n el\u00e9ctrica e instalaci\u00f3n de dos equipos de generaci\u00f3n de 150 Kva cada uno.<\/p>\n<p style=\"text-align: justify;\">A lo anterior, el a\u00f1o pasado se agregaron otras dos iniciativas anexas al proyecto de electrificaci\u00f3n rural, las que ejecutaron por la v\u00eda del Programa Acciones Concurrentes de la Subsecretar\u00eda de Desarrollo Regional, SUBDERE.<\/p>\n<p style=\"text-align: justify;\">La primera de ellas fue la instalaci\u00f3n de estanque y otros como el mejoramiento de entorno y seguridad en planta de generaci\u00f3n el\u00e9ctrica en la isla Chel\u00edn, por un monto superior a los 69 millones de pesos. La propuesta en cuesti\u00f3n contempla la provisi\u00f3n, detalles y costos de construcci\u00f3n de estanque de almacenamiento de diez mil litros de petr\u00f3leo, obras de urbanizaci\u00f3n interior del espacio e instalaci\u00f3n de 13 luminarias de alumbrado p\u00fablico.<\/p>\n<p style=\"text-align: justify;\">Asimismo, destaca el mejoramiento sanitario y empalmes el\u00e9ctricos en viviendas de los sectores de Chel\u00edn y Huechochel\u00edn. La inversi\u00f3n aqu\u00ed es superior a los 71 millones de pesos, recursos que han permitido el recambio de las redes interiores de agua potable existentes de PVC por cobre en la totalidad de las viviendas; instalaciones de salas de ba\u00f1o en casas que no ten\u00edan ba\u00f1o interior; recambio de artefactos de ba\u00f1o que estuviesen en mal estado, por mencionar algunos trabajos.<\/p>\n<p style=\"text-align: justify;\">En este sentido, el alcalde de Castro, Nelson \u00c1guila, destac\u00f3 la envergadura de esta inversi\u00f3n y del proyecto en general, que a su juicio, fue esperado por a\u00f1os por los isle\u00f1os, por ello la emoci\u00f3n que tanto beneficiados como autoridad sienten al ver el logro cumplido. \u201cEstamos muy contentos al ver que nuestro compromiso est\u00e1 cumplido, ahora finalmente este proyecto en permitir\u00e1 que estas familias de escasos recursos y tan distantes de Castro puedan contar definitivamente con luz el\u00e9ctrica\u201d, dijo el alcalde \u00c1guila.<\/p>\n<p style=\"text-align: justify;\">Departamento de Prensa<\/p>\n","protected":false},"excerpt":{"rendered":"<p>Seis horas diarias de electricidad tienen las 105 familias que habitan en la \u00ednsula de la comuna de Castro tras la ejecuci\u00f3n del proyecto que encabez\u00f3 la Municipalidad de la capital provincial. Felicidad y emoci\u00f3n son los sentimientos que mejor describen la sensaci\u00f3n que durante estas \u00faltimas semanas embarga a los vecinos de la isla [&hellip;]<\/p>\n","protected":false},"author":2,"featured_media":1286,"comment_status":"open","ping_status":"open","sticky":false,"template":"","format":"standard","meta":[],"categories":[3],"tags":[5],"jetpack_featured_media_url":"https:\/\/www.radiochiloe.cl\/wp-content\/uploads\/2012\/06\/electrificaci\u00f3nchel\u00edn.jpg","_links":{"self":[{"href":"https:\/\/www.radiochiloe.cl\/index.php?rest_route=\/wp\/v2\/posts\/1285"}],"collection":[{"href":"https:\/\/www.radiochiloe.cl\/index.php?rest_route=\/wp\/v2\/posts"}],"about":[{"href":"https:\/\/www.radiochiloe.cl\/index.php?rest_route=\/wp\/v2\/types\/post"}],"author":[{"embeddable":true,"href":"https:\/\/www.radiochiloe.cl\/index.php?rest_route=\/wp\/v2\/users\/2"}],"replies":[{"embeddable":true,"href":"https:\/\/www.radiochiloe.cl\/index.php?rest_route=%2Fwp%2Fv2%2Fcomments&post=1285"}],"version-history":[{"count":3,"href":"https:\/\/www.radiochiloe.cl\/index.php?rest_route=\/wp\/v2\/posts\/1285\/revisions"}],"predecessor-version":[{"id":1289,"href":"https:\/\/www.radiochiloe.cl\/index.php?rest_route=\/wp\/v2\/posts\/1285\/revisions\/1289"}],"wp:featuredmedia":[{"embeddable":true,"href":"https:\/\/www.radiochiloe.cl\/index.php?rest_route=\/wp\/v2\/media\/1286"}],"wp:attachment":[{"href":"https:\/\/www.radiochiloe.cl\/index.php?rest_route=%2Fwp%2Fv2%2Fmedia&parent=1285"}],"wp:term":[{"taxonomy":"category","embeddable":true,"href":"https:\/\/www.radiochiloe.cl\/index.php?rest_route=%2Fwp%2Fv2%2Fcategories&post=1285"},{"taxonomy":"post_tag","embeddable":true,"href":"https:\/\/www.radiochiloe.cl\/index.php?rest_route=%2Fwp%2Fv2%2Ftags&post=1285"}],"curies":[{"name":"wp","href":"https:\/\/api.w.org\/{rel}","templated":true}]}}