{"id":1290,"date":"2012-06-14T10:30:41","date_gmt":"2012-06-14T14:30:41","guid":{"rendered":"http:\/\/www.radiochiloe.cl\/?p=1290"},"modified":"2012-06-13T20:30:06","modified_gmt":"2012-06-14T00:30:06","slug":"concejales-borquez-y-vera-ayudan-socialmente-a-vecino-castreno","status":"publish","type":"post","link":"https:\/\/www.radiochiloe.cl\/?p=1290","title":{"rendered":"Concejales B\u00f3rquez y Vera ayudan socialmente a vecino castre\u00f1o"},"content":{"rendered":"<p style=\"text-align: justify;\">Como una forma de seguir ayudando a los vecinos de Castro durante esta semana ambos concejales realizaron una importante ayuda social a este vecino castre\u00f1o que realmente necesitaba este significativo impulso para continuar con el tratamiento de su peque\u00f1a hija que pasa por un preocupante estado de salud.<\/p>\n<p style=\"text-align: justify;\">Julio Oyarzo expres\u00f3 su satisfacci\u00f3n ante esta importante ayuda, porque de esta manera continuara el tratamiento de su hija \u201crealmente necesitaba esta ayuda. Present\u00e9 todos los documentos que certifican el estado de salud de mi hija, que ten\u00eda que realizarse un examen urgente y gracias a este aporte econ\u00f3mico del concejal B\u00f3rquez y Vera podr\u00e9 efectuar este tramite\u201d sostuvo el acongojado vecino del sector alto de Castro.<\/p>\n<p style=\"text-align: justify;\">Fernando B\u00f3rquez en su calidad de concejal de la comuna y candidato a alcalde por la ciudad de Castro expres\u00f3 que \u201ceste tipo de ayuda ser\u00e1 el sello que imprimiremos en la comuna de Castro, porque hay una real necesidad de la gente que a veces no encuentra las puertas abiertas para poder mejorar su calidad de vida, en este caso en particular conocimos la situaci\u00f3n y pudimos solucionar un tema complejo que necesitaba rapidez y logramos nuestro objetivo, porque existe un claro compromiso con la comunidad\u201d coment\u00f3.<\/p>\n<p style=\"text-align: justify;\">En tanto el concejal Juan Eduardo Vera dijo que \u201capenas fuimos informados de esta situaci\u00f3n junto al actual candidato de la alianza Fernando B\u00f3rquez nos colocamos en campa\u00f1a para dar soluci\u00f3n inmediata a esta necesidad imperiosa que tenia Julio Oyarzo para seguir el tratamiento de su hija, porque no solo es un apoyo moral es el que tenemos que entregar a los vecinos de Castro, sino que tambi\u00e9n marcar un sello distinto cuando en octubre pr\u00f3ximo estemos celebrando el triunfo de Fernando B\u00f3rquez como el futuro alcalde de Castro\u201d sentenci\u00f3.<\/p>\n<p style=\"text-align: justify;\">Departamento de Prensa<\/p>\n","protected":false},"excerpt":{"rendered":"<p>Como una forma de seguir ayudando a los vecinos de Castro durante esta semana ambos concejales realizaron una importante ayuda social a este vecino castre\u00f1o que realmente necesitaba este significativo impulso para continuar con el tratamiento de su peque\u00f1a hija que pasa por un preocupante estado de salud. Julio Oyarzo expres\u00f3 su satisfacci\u00f3n ante esta [&hellip;]<\/p>\n","protected":false},"author":2,"featured_media":1291,"comment_status":"open","ping_status":"open","sticky":false,"template":"","format":"standard","meta":[],"categories":[3],"tags":[5],"jetpack_featured_media_url":"https:\/\/www.radiochiloe.cl\/wp-content\/uploads\/2012\/06\/ayudaborquez.jpg","_links":{"self":[{"href":"https:\/\/www.radiochiloe.cl\/index.php?rest_route=\/wp\/v2\/posts\/1290"}],"collection":[{"href":"https:\/\/www.radiochiloe.cl\/index.php?rest_route=\/wp\/v2\/posts"}],"about":[{"href":"https:\/\/www.radiochiloe.cl\/index.php?rest_route=\/wp\/v2\/types\/post"}],"author":[{"embeddable":true,"href":"https:\/\/www.radiochiloe.cl\/index.php?rest_route=\/wp\/v2\/users\/2"}],"replies":[{"embeddable":true,"href":"https:\/\/www.radiochiloe.cl\/index.php?rest_route=%2Fwp%2Fv2%2Fcomments&post=1290"}],"version-history":[{"count":3,"href":"https:\/\/www.radiochiloe.cl\/index.php?rest_route=\/wp\/v2\/posts\/1290\/revisions"}],"predecessor-version":[{"id":1294,"href":"https:\/\/www.radiochiloe.cl\/index.php?rest_route=\/wp\/v2\/posts\/1290\/revisions\/1294"}],"wp:featuredmedia":[{"embeddable":true,"href":"https:\/\/www.radiochiloe.cl\/index.php?rest_route=\/wp\/v2\/media\/1291"}],"wp:attachment":[{"href":"https:\/\/www.radiochiloe.cl\/index.php?rest_route=%2Fwp%2Fv2%2Fmedia&parent=1290"}],"wp:term":[{"taxonomy":"category","embeddable":true,"href":"https:\/\/www.radiochiloe.cl\/index.php?rest_route=%2Fwp%2Fv2%2Fcategories&post=1290"},{"taxonomy":"post_tag","embeddable":true,"href":"https:\/\/www.radiochiloe.cl\/index.php?rest_route=%2Fwp%2Fv2%2Ftags&post=1290"}],"curies":[{"name":"wp","href":"https:\/\/api.w.org\/{rel}","templated":true}]}}