{"id":1314,"date":"2012-06-14T16:00:28","date_gmt":"2012-06-14T20:00:28","guid":{"rendered":"http:\/\/www.radiochiloe.cl\/?p=1314"},"modified":"2012-06-14T15:26:08","modified_gmt":"2012-06-14T19:26:08","slug":"en-chile-uno-de-cada-cinco-adultos-mayores-sufre-algun-tipo-de-maltrato","status":"publish","type":"post","link":"https:\/\/www.radiochiloe.cl\/?p=1314","title":{"rendered":"En Chile uno de cada cinco adultos mayores sufre alg\u00fan tipo de maltrato"},"content":{"rendered":"<p style=\"text-align: justify;\">(FOTO ARCHIVO)<\/p>\n<p style=\"text-align: justify;\">Este viernes, 15 de junio, se celebra el D\u00eda Mundial de Toma de Conciencia del Abuso y Maltrato en la Vejez, oficializado por las Naciones Unidas en 2011. En el marco de esta actividad, el Servicio Nacional del Adulto Mayor (SENAMA) inform\u00f3 que en nuestro pa\u00eds, uno de cada cinco mayores de 60 a\u00f1os asegura haber sufrido alg\u00fan tipo de maltrato, ya sea f\u00edsico, psicol\u00f3gico, abandono o en la forma de abuso patrimonial.<\/p>\n<p style=\"text-align: justify;\">Desde el A\u00f1o 2009, el Servicio Nacional del Adulto Mayor SENAMA cuenta con registros de situaciones de abuso, violencia y maltrato a las personas mayores, a trav\u00e9s del Fono Mayor (800 400 035).<\/p>\n<p style=\"text-align: justify;\">De acuerdo a cifras entregadas por la Oficina de Atenci\u00f3n Ciudadana de SENAMA, el n\u00famero de llamados por consultas y casos de maltrato a nivel nacional registr\u00f3 un aumento de 132% entre 2010 y 2011.<\/p>\n<p style=\"text-align: justify;\">\u201cEsto no se debe a que en Chile estemos maltratando m\u00e1s a nuestros mayores, sino que este problema social se est\u00e1 haciendo m\u00e1s visible. Nuestro pa\u00eds est\u00e1 tomando conciencia de que esta problem\u00e1tica es una realidad y que hay que rechazarla\u201d, asegur\u00f3 Rosa Kornfeld, Directora del Servicio Nacional del Adulto Mayor.<\/p>\n<p style=\"text-align: justify;\">Este a\u00f1o, entre el per\u00edodo enero-marzo, se han registrado 255 consultas, las que han sido recogidas a trav\u00e9s de las 15 Coordinaciones Regionales de SENAMA.<\/p>\n<p style=\"text-align: justify;\">De acuerdo a las cifras de SENAMA, de todos los tipos de maltrato (maltratos, f\u00edsico, psicol\u00f3gico, econ\u00f3mico, sexual, abandono, negligencia y estructural), el psicol\u00f3gico es el m\u00e1s recurrente, seguido de la negligencia y el abandono. Cualquier mayor, independiente de su condici\u00f3n socioecon\u00f3mica, puede ser v\u00edctima de maltrato, e incluso puede darse m\u00e1s de un tipo de maltrato en el mismo per\u00edodo de tiempo.<\/p>\n<p style=\"text-align: justify;\">La ley N\u00ba 20.427 promulgada en marzo de 2010 que incorpor\u00f3 el maltrato al adulto mayor en la legislaci\u00f3n nacional, modificando la ley de Violencia Intrafamiliar (VIF), la ley de Tribunales de Familia y el C\u00f3digo Penal, permiti\u00f3 que el Servicio Nacional del Adulto Mayor (SENAMA) pudiese iniciar el programa contra la Violencia y el Abuso al Adulto Mayor en 2012. Esta iniciativa pretende contribuir a la promoci\u00f3n y ejercicio de los derechos de las personas mayores, a trav\u00e9s de la prevenci\u00f3n, detecci\u00f3n y atenci\u00f3n del maltrato que afecta a este grupo et\u00e1reo.<\/p>\n<p style=\"text-align: justify;\">Para ello, un profesional especializado en cada una de las Coordinaciones Regionales de SENAMA, est\u00e1 a cargo de este tema en espec\u00edfico, y entrega informaci\u00f3n certera y realiza las derivaciones a las instituciones que correspondan por cada consulta o caso que recibe de maltrato a personas mayores.<\/p>\n<p style=\"text-align: justify;\">Asimismo, el tema del maltrato es uno de los ejes prioritarios de la Pol\u00edtica Integral de Envejecimiento Positivo para Chile, dado a conocer hace algunas semanas por el Presidente de la Rep\u00fablica, Sebasti\u00e1n Pi\u00f1era.<\/p>\n<p style=\"text-align: justify;\">Departamento de Prensa<\/p>\n","protected":false},"excerpt":{"rendered":"<p>(FOTO ARCHIVO) Este viernes, 15 de junio, se celebra el D\u00eda Mundial de Toma de Conciencia del Abuso y Maltrato en la Vejez, oficializado por las Naciones Unidas en 2011. En el marco de esta actividad, el Servicio Nacional del Adulto Mayor (SENAMA) inform\u00f3 que en nuestro pa\u00eds, uno de cada cinco mayores de 60 [&hellip;]<\/p>\n","protected":false},"author":2,"featured_media":1315,"comment_status":"open","ping_status":"open","sticky":false,"template":"","format":"standard","meta":[],"categories":[3],"tags":[5],"jetpack_featured_media_url":"https:\/\/www.radiochiloe.cl\/wp-content\/uploads\/2012\/06\/adultomayorchiloe.jpg","_links":{"self":[{"href":"https:\/\/www.radiochiloe.cl\/index.php?rest_route=\/wp\/v2\/posts\/1314"}],"collection":[{"href":"https:\/\/www.radiochiloe.cl\/index.php?rest_route=\/wp\/v2\/posts"}],"about":[{"href":"https:\/\/www.radiochiloe.cl\/index.php?rest_route=\/wp\/v2\/types\/post"}],"author":[{"embeddable":true,"href":"https:\/\/www.radiochiloe.cl\/index.php?rest_route=\/wp\/v2\/users\/2"}],"replies":[{"embeddable":true,"href":"https:\/\/www.radiochiloe.cl\/index.php?rest_route=%2Fwp%2Fv2%2Fcomments&post=1314"}],"version-history":[{"count":1,"href":"https:\/\/www.radiochiloe.cl\/index.php?rest_route=\/wp\/v2\/posts\/1314\/revisions"}],"predecessor-version":[{"id":1316,"href":"https:\/\/www.radiochiloe.cl\/index.php?rest_route=\/wp\/v2\/posts\/1314\/revisions\/1316"}],"wp:featuredmedia":[{"embeddable":true,"href":"https:\/\/www.radiochiloe.cl\/index.php?rest_route=\/wp\/v2\/media\/1315"}],"wp:attachment":[{"href":"https:\/\/www.radiochiloe.cl\/index.php?rest_route=%2Fwp%2Fv2%2Fmedia&parent=1314"}],"wp:term":[{"taxonomy":"category","embeddable":true,"href":"https:\/\/www.radiochiloe.cl\/index.php?rest_route=%2Fwp%2Fv2%2Fcategories&post=1314"},{"taxonomy":"post_tag","embeddable":true,"href":"https:\/\/www.radiochiloe.cl\/index.php?rest_route=%2Fwp%2Fv2%2Ftags&post=1314"}],"curies":[{"name":"wp","href":"https:\/\/api.w.org\/{rel}","templated":true}]}}