{"id":1323,"date":"2012-06-15T10:00:33","date_gmt":"2012-06-15T14:00:33","guid":{"rendered":"http:\/\/www.radiochiloe.cl\/?p=1323"},"modified":"2012-06-14T18:19:23","modified_gmt":"2012-06-14T22:19:23","slug":"abriran-proceso-de-licitacion-para-box-dental-cecosf-kintunien-y-posta-los-angeles-de-quehui","status":"publish","type":"post","link":"https:\/\/www.radiochiloe.cl\/?p=1323","title":{"rendered":"Abrir\u00e1n proceso de licitaci\u00f3n para  box dental Cecosf  Kintunien y posta los \u00c1ngeles de Quehui"},"content":{"rendered":"<p style=\"text-align: justify;\">El lunes 25 de junio se abren las propuestas, en el marco del proceso de licitaci\u00f3n del proyecto denominado Construcci\u00f3n Box Dental Cecosf Kintunien y Posta Los \u00c1ngeles de Quehui, de la comuna de Castro.<\/p>\n<p style=\"text-align: justify;\">Seg\u00fan Juan Eduardo Vera, este hecho resulta trascendental para la comunidad de esta alejada Isla de la comuna de Castro, ya que adem\u00e1s de entregar con este proyecto una mejor calidad de vida para la comunidad, les permitir\u00e1 optar a mejores beneficios que les permitan contar con un \u00f3ptimo Servicio en lo que a Salud, se refiere.<\/p>\n<p style=\"text-align: justify;\">\u201cEstamos tremendamente contentos, hoy estamos dando respuesta a dos importantes comunidades de nuestra comuna. Construir un box dental en ese sector es una de las inquietudes que los vecinos y vecinas de esos sectores que son tan vulnerables de nuestra comuna, hoy d\u00eda , van a tener respuesta con esta inversi\u00f3n que se va a realizar y tambi\u00e9n destacar el tremendo esfuerzo que estamos realizando como Municipio a trav\u00e9s de nuestra Corporaci\u00f3n Municipal para poder dotar con esta misma infraestructura a la posta los \u00c1ngeles de Isla Quehui, y de esta manera dar respuesta satisfactoria a los sectores de Peldehue, Los \u00e1ngeles, Camahue, San Miguel, con el fin de que esta realidad tan importante sea solucionada en el mismo lugar de donde ellos viven\u201d, se\u00f1al\u00f3.<\/p>\n<p style=\"text-align: justify;\">Los CECOSF, se tratan de establecimientos dependientes de un Centro de Salud de atenci\u00f3n primaria, insertos en el nivel local; con base comunitaria en su origen, que atienden una parte de la poblaci\u00f3n inscrita en el Centro del cual dependen y que generan las condiciones propicias para impactar positivamente en la salud de la poblaci\u00f3n, resolviendo de manera m\u00e1s expedita la demanda de atenci\u00f3n por su cercan\u00eda con la comunidad , una propuesta, que en definitiva representa un desaf\u00edo muy importante para el sector de salud.<\/p>\n<p style=\"text-align: justify;\">Y es que como su nombre lo indica, debe surgir como una necesidad desde la comunidad y potenciar y movilizar todos los recursos de que ella dispone, se debe colaborar en la definici\u00f3n de acciones que se implementan en dichos centros.<\/p>\n<p style=\"text-align: justify;\">En este sentido el Concejal de la Comuna de Castro, Fernando B\u00f3rquez, valor\u00f3 esta iniciativa, pues dijo \u201cque la comunidad de Isla Quehui, se lo merece. Estamos valorando una tremenda noticia que va en la l\u00ednea social que nosotros estamos proponiendo en el concejo comunal desde que ingres\u00e9 al Concejo hemos propuesto muchas iniciativas y hemos apoyado iniciativas de la Municipalidad y de la Corporaci\u00f3n que van en directo beneficio real de las personas y en este caso particular con el CECOSF Kintunien y la posta de Quehui, que van a tener un box dental para la gente que no tienen las mismas oportunidades que tienen habitualmente en el sector c\u00e9ntrico de la comuna\u201d.<\/p>\n<p style=\"text-align: justify;\">Agreg\u00f3 sabemos que en el Cecosf, Kintunien existe gente muy vulnerable son personas que habitualmente tienen muchas necesidades y que no pueden las capacidades econ\u00f3micas para poder solventar y tener una mejor dentadura y que vamos a decir de la posta de Quehui donde no tenemos peri\u00f3dicamente personal capacitado en el tema dental que est\u00e9 en esa posta, valorar lo que se ha hecho, apoyar la iniciativa y esperar que la calidad de vida, sea mucho mejor para la gente de la comuna\u201d, finaliz\u00f3.<\/p>\n<p style=\"text-align: justify;\">Departamento de Prensa<\/p>\n","protected":false},"excerpt":{"rendered":"<p>El lunes 25 de junio se abren las propuestas, en el marco del proceso de licitaci\u00f3n del proyecto denominado Construcci\u00f3n Box Dental Cecosf Kintunien y Posta Los \u00c1ngeles de Quehui, de la comuna de Castro. Seg\u00fan Juan Eduardo Vera, este hecho resulta trascendental para la comunidad de esta alejada Isla de la comuna de Castro, [&hellip;]<\/p>\n","protected":false},"author":3,"featured_media":1324,"comment_status":"open","ping_status":"open","sticky":false,"template":"","format":"standard","meta":[],"categories":[3],"tags":[5],"jetpack_featured_media_url":"https:\/\/www.radiochiloe.cl\/wp-content\/uploads\/2012\/06\/concejales.jpg","_links":{"self":[{"href":"https:\/\/www.radiochiloe.cl\/index.php?rest_route=\/wp\/v2\/posts\/1323"}],"collection":[{"href":"https:\/\/www.radiochiloe.cl\/index.php?rest_route=\/wp\/v2\/posts"}],"about":[{"href":"https:\/\/www.radiochiloe.cl\/index.php?rest_route=\/wp\/v2\/types\/post"}],"author":[{"embeddable":true,"href":"https:\/\/www.radiochiloe.cl\/index.php?rest_route=\/wp\/v2\/users\/3"}],"replies":[{"embeddable":true,"href":"https:\/\/www.radiochiloe.cl\/index.php?rest_route=%2Fwp%2Fv2%2Fcomments&post=1323"}],"version-history":[{"count":1,"href":"https:\/\/www.radiochiloe.cl\/index.php?rest_route=\/wp\/v2\/posts\/1323\/revisions"}],"predecessor-version":[{"id":1325,"href":"https:\/\/www.radiochiloe.cl\/index.php?rest_route=\/wp\/v2\/posts\/1323\/revisions\/1325"}],"wp:featuredmedia":[{"embeddable":true,"href":"https:\/\/www.radiochiloe.cl\/index.php?rest_route=\/wp\/v2\/media\/1324"}],"wp:attachment":[{"href":"https:\/\/www.radiochiloe.cl\/index.php?rest_route=%2Fwp%2Fv2%2Fmedia&parent=1323"}],"wp:term":[{"taxonomy":"category","embeddable":true,"href":"https:\/\/www.radiochiloe.cl\/index.php?rest_route=%2Fwp%2Fv2%2Fcategories&post=1323"},{"taxonomy":"post_tag","embeddable":true,"href":"https:\/\/www.radiochiloe.cl\/index.php?rest_route=%2Fwp%2Fv2%2Ftags&post=1323"}],"curies":[{"name":"wp","href":"https:\/\/api.w.org\/{rel}","templated":true}]}}