{"id":1332,"date":"2012-06-15T16:10:08","date_gmt":"2012-06-15T20:10:08","guid":{"rendered":"http:\/\/www.radiochiloe.cl\/?p=1332"},"modified":"2012-06-15T16:10:08","modified_gmt":"2012-06-15T20:10:08","slug":"incendio-destruyo-parte-de-una-sala-en-la-escuela-huillinco-de-chonchi","status":"publish","type":"post","link":"https:\/\/www.radiochiloe.cl\/?p=1332","title":{"rendered":"Incendio destruy\u00f3 parte de una sala en la escuela Huillinco de Chonchi"},"content":{"rendered":"<p style=\"text-align: justify;\">(FOTO DE ARCHIVO)<\/p>\n<p style=\"text-align: justify;\">En un minuto se pensaba los peor, cuando la central de alarmas del cuerpo de bomberos de la Chonchi recib\u00eda la notificaci\u00f3n que parte de las instalaciones de la escuela de Huillinco era presa de un amago de incendio, que finalmente solo provoc\u00f3 da\u00f1os al entretecho de la sala del 8vo b\u00e1sico.<\/p>\n<p style=\"text-align: justify;\">La primera autoridad de la ciudad de los tres pisos hablo con Chilo\u00e9 Noticias explicando que gracias a la acci\u00f3n de los trabajadores, profesores y vecinos se pudo atacar de inmediato el foco de fuego que amenazaba con consumir toda la estructura de madera.<\/p>\n<p style=\"text-align: justify;\">\u201cCuando nos informaron de la situaci\u00f3n r\u00e1pidamente se moviliz\u00f3 hasta el lugar los voluntarios de distintas compa\u00f1\u00edas para ayudar en las tareas de la emergencia. Lamentablemente la 4ta compa\u00f1\u00eda que funciona muy cerca no pudo llegar porque experiment\u00f3 una falla mec\u00e1nica, pero obreros que laboran a un costado del establecimiento ayudaron ha sofocar el siniestro que fue provocado por el fuerte calor que emanaba de una combusti\u00f3n\u201d se\u00f1al\u00f3.<\/p>\n<p style=\"text-align: justify;\">El alcalde Pedro Andrade que posteriormente, evaluando la situaci\u00f3n, se trabajar\u00eda de inmediato para reponer lo siniestrado para que los alumnos que utilizan la sala puedan volver el pr\u00f3ximo lunes con normalidad a clases.<\/p>\n<p style=\"text-align: justify;\">\u201cMenos mal que la emergencia no paso a mayores. De inmediato se dispuso un contingente para reparar lo da\u00f1ado por la acci\u00f3n del fuego y mientras tanto los alumnos siguen en clases en la sala de computaci\u00f3n del establecimiento educacional\u201d expuso.<\/p>\n<p style=\"text-align: justify;\">Finalmente la autoridad enfatiz\u00f3 que una gran cantidad de apoderados llegaron hasta la escuela de Huillinco para retirar a sus pupilos, pero luego de unos minutos y mientras trabajaba personal bomberil, todo volvi\u00f3 a la normalidad \u201cla gran mayor\u00eda de los familiares de los alumnos acudieron hasta el establecimiento, pero como hay un sistema de emergencias que se ha puesto en practica constantemente, los m\u00e1s de 100 alumnos fueron trasladados hasta un lugar seguro y luego retomaron las clases con normalidad\u201d expres\u00f3.<\/p>\n<p style=\"text-align: justify;\">Departamento de Prensa<\/p>\n","protected":false},"excerpt":{"rendered":"<p>(FOTO DE ARCHIVO) En un minuto se pensaba los peor, cuando la central de alarmas del cuerpo de bomberos de la Chonchi recib\u00eda la notificaci\u00f3n que parte de las instalaciones de la escuela de Huillinco era presa de un amago de incendio, que finalmente solo provoc\u00f3 da\u00f1os al entretecho de la sala del 8vo b\u00e1sico. [&hellip;]<\/p>\n","protected":false},"author":3,"featured_media":1333,"comment_status":"open","ping_status":"open","sticky":false,"template":"","format":"standard","meta":[],"categories":[3],"tags":[5],"jetpack_featured_media_url":"https:\/\/www.radiochiloe.cl\/wp-content\/uploads\/2012\/06\/huillincoescuela.jpg","_links":{"self":[{"href":"https:\/\/www.radiochiloe.cl\/index.php?rest_route=\/wp\/v2\/posts\/1332"}],"collection":[{"href":"https:\/\/www.radiochiloe.cl\/index.php?rest_route=\/wp\/v2\/posts"}],"about":[{"href":"https:\/\/www.radiochiloe.cl\/index.php?rest_route=\/wp\/v2\/types\/post"}],"author":[{"embeddable":true,"href":"https:\/\/www.radiochiloe.cl\/index.php?rest_route=\/wp\/v2\/users\/3"}],"replies":[{"embeddable":true,"href":"https:\/\/www.radiochiloe.cl\/index.php?rest_route=%2Fwp%2Fv2%2Fcomments&post=1332"}],"version-history":[{"count":4,"href":"https:\/\/www.radiochiloe.cl\/index.php?rest_route=\/wp\/v2\/posts\/1332\/revisions"}],"predecessor-version":[{"id":1337,"href":"https:\/\/www.radiochiloe.cl\/index.php?rest_route=\/wp\/v2\/posts\/1332\/revisions\/1337"}],"wp:featuredmedia":[{"embeddable":true,"href":"https:\/\/www.radiochiloe.cl\/index.php?rest_route=\/wp\/v2\/media\/1333"}],"wp:attachment":[{"href":"https:\/\/www.radiochiloe.cl\/index.php?rest_route=%2Fwp%2Fv2%2Fmedia&parent=1332"}],"wp:term":[{"taxonomy":"category","embeddable":true,"href":"https:\/\/www.radiochiloe.cl\/index.php?rest_route=%2Fwp%2Fv2%2Fcategories&post=1332"},{"taxonomy":"post_tag","embeddable":true,"href":"https:\/\/www.radiochiloe.cl\/index.php?rest_route=%2Fwp%2Fv2%2Ftags&post=1332"}],"curies":[{"name":"wp","href":"https:\/\/api.w.org\/{rel}","templated":true}]}}