{"id":1354,"date":"2012-06-16T09:30:33","date_gmt":"2012-06-16T13:30:33","guid":{"rendered":"http:\/\/www.radiochiloe.cl\/?p=1354"},"modified":"2012-06-15T17:01:25","modified_gmt":"2012-06-15T21:01:25","slug":"instituto-de-prevision-social-de-chiloe-se-prepara-para-pago-de-bono-de-alimentacion","status":"publish","type":"post","link":"https:\/\/www.radiochiloe.cl\/?p=1354","title":{"rendered":"Instituto de Previsi\u00f3n Social de Chilo\u00e9 se prepara para pago de Bono de Alimentaci\u00f3n"},"content":{"rendered":"<p style=\"text-align: justify;\">(FOTO ARCHIVO)<\/p>\n<p style=\"text-align: justify;\">A partir del 5 de Julio, se iniciar\u00e1 el pago del bono de alimentaci\u00f3n, anunciado por el presidente de la Republica el pasado 21 de Mayo, y cuya iniciativa legal fue promulgada ayer por el propio Jefe de Estado.<\/p>\n<p style=\"text-align: justify;\">Seg\u00fan lo informado por Marlene Trivi\u00f1o, encargada de Instituto de Previsi\u00f3n Social de Castro, IPS, se trata de un beneficio que contempla la asignaci\u00f3n de 40 mil pesos por personas beneficiaria, mas 7 mil 500 pesos por hijo menor a 18 a\u00f1os.<\/p>\n<p style=\"text-align: justify;\">\u201cEstamos preparando todo para el pago de este bono que tendr\u00e1 la misma particularidad de otros bonos que este gobierno a entregado en ocasiones anteriores, todas las consultas se pueden hacer en nuestras oficinas en los horarios que se conocen p\u00fablicamente\u201d sostuvo.<\/p>\n<p style=\"text-align: justify;\">Marlene Trivi\u00f1o agreg\u00f3 que la forma de pago de este bono de alimentos, se cancelar\u00e1 a trav\u00e9s del sistema de pago de los beneficiarios, sea en IPS o por la Caja de Compensaci\u00f3n Los H\u00e9roes, mientras que para los trabajadores activos, se confeccionara un calendario de pago por orden alfab\u00e9tico \u201cestamos a la espera de este listado para que no existan ning\u00fan tipo de confusi\u00f3n al momento de la cancelaci\u00f3n del bono, pero cualquier consulta o inquietud los funcionarios ya est\u00e1n enterados de c\u00f3mo poder despejar las dudas y adem\u00e1s existe un moderno sistema de auto consulta que esta instalado en nuestras dependencias para mejorar la atenci\u00f3n al usuario\u201d puntualiz\u00f3.<\/p>\n<p style=\"text-align: justify;\">Cabe recordar que una vez promulgada esta ley del bono de alimentos en el d\u00eda de ayer, el Gobierno dispuso que a partir del viernes 22 de Junio, est\u00e9 disponible una p\u00e1gina en el sitio de Internet del Ministerio de Desarrollo Social, donde las personas con solo ingresar su n\u00famero de RUT, podr\u00e1n saber si son favorecidas con este beneficio.<\/p>\n<p style=\"text-align: justify;\">Departamento de Prensa<\/p>\n","protected":false},"excerpt":{"rendered":"<p>(FOTO ARCHIVO) A partir del 5 de Julio, se iniciar\u00e1 el pago del bono de alimentaci\u00f3n, anunciado por el presidente de la Republica el pasado 21 de Mayo, y cuya iniciativa legal fue promulgada ayer por el propio Jefe de Estado. Seg\u00fan lo informado por Marlene Trivi\u00f1o, encargada de Instituto de Previsi\u00f3n Social de Castro, [&hellip;]<\/p>\n","protected":false},"author":3,"featured_media":1355,"comment_status":"open","ping_status":"open","sticky":false,"template":"","format":"standard","meta":[],"categories":[3],"tags":[5],"jetpack_featured_media_url":"https:\/\/www.radiochiloe.cl\/wp-content\/uploads\/2012\/06\/pagobono.jpg","_links":{"self":[{"href":"https:\/\/www.radiochiloe.cl\/index.php?rest_route=\/wp\/v2\/posts\/1354"}],"collection":[{"href":"https:\/\/www.radiochiloe.cl\/index.php?rest_route=\/wp\/v2\/posts"}],"about":[{"href":"https:\/\/www.radiochiloe.cl\/index.php?rest_route=\/wp\/v2\/types\/post"}],"author":[{"embeddable":true,"href":"https:\/\/www.radiochiloe.cl\/index.php?rest_route=\/wp\/v2\/users\/3"}],"replies":[{"embeddable":true,"href":"https:\/\/www.radiochiloe.cl\/index.php?rest_route=%2Fwp%2Fv2%2Fcomments&post=1354"}],"version-history":[{"count":2,"href":"https:\/\/www.radiochiloe.cl\/index.php?rest_route=\/wp\/v2\/posts\/1354\/revisions"}],"predecessor-version":[{"id":1357,"href":"https:\/\/www.radiochiloe.cl\/index.php?rest_route=\/wp\/v2\/posts\/1354\/revisions\/1357"}],"wp:featuredmedia":[{"embeddable":true,"href":"https:\/\/www.radiochiloe.cl\/index.php?rest_route=\/wp\/v2\/media\/1355"}],"wp:attachment":[{"href":"https:\/\/www.radiochiloe.cl\/index.php?rest_route=%2Fwp%2Fv2%2Fmedia&parent=1354"}],"wp:term":[{"taxonomy":"category","embeddable":true,"href":"https:\/\/www.radiochiloe.cl\/index.php?rest_route=%2Fwp%2Fv2%2Fcategories&post=1354"},{"taxonomy":"post_tag","embeddable":true,"href":"https:\/\/www.radiochiloe.cl\/index.php?rest_route=%2Fwp%2Fv2%2Ftags&post=1354"}],"curies":[{"name":"wp","href":"https:\/\/api.w.org\/{rel}","templated":true}]}}