{"id":1358,"date":"2012-06-16T10:30:49","date_gmt":"2012-06-16T14:30:49","guid":{"rendered":"http:\/\/www.radiochiloe.cl\/?p=1358"},"modified":"2012-06-15T18:07:59","modified_gmt":"2012-06-15T22:07:59","slug":"suman-y-siguen-los-papeleros-y-contenedores-incendiados-en-castro","status":"publish","type":"post","link":"https:\/\/www.radiochiloe.cl\/?p=1358","title":{"rendered":"Suman y siguen los papeleros y contenedores incendiados en Castro"},"content":{"rendered":"<p style=\"text-align: justify;\">Preocupaci\u00f3n existe en el departamento del medio ambiente del municipio de Castro, porque contin\u00faa la quema de contenedores de basuras y de los basureros de madera en diversos puntos de la ciudad.<\/p>\n<p style=\"text-align: justify;\">Seg\u00fan lo informado por Nelson C\u00e1rcamo, encargado de este departamento municipal, desde el 2008, el promedio de contenedores que son quemados por a\u00f1os, llegan a un promedio de unos 80 aproximadamente, lo que genera grandes perdidas para el municipio local.<\/p>\n<p style=\"text-align: justify;\">\u201cTenemos datos duros que se complementan con la informaci\u00f3n proporcionada por bomberos que nos indican el aumento de ataques a contenedores y basureros del centro de la ciudad, que han significado un desmedro en las arcas municipales por el costo que significa poder reponerlos\u201d sentenci\u00f3<\/p>\n<p style=\"text-align: justify;\">C\u00e1rcamo, agreg\u00f3 que a la quema de contenedores de basura, se suma destrucci\u00f3n de los papeleros de maderas que se han instalado en el centro de la ciudad, lo cual tambi\u00e9n significa una perdida de inversi\u00f3n, recordando que estos recept\u00e1culos ten\u00edan como fin mejorar la est\u00e9tica de las calles de Castro.<\/p>\n<p style=\"text-align: justify;\">\u201c\u201dLo que va del a\u00f1o ya llevamos 8 de los papeleros quemados por distintas razones, pero pese a estos ataques Carabineros se ha percatado de estos ataques incendiarios y ha detenido a estas personas inescrupulosas que tienen que pagar por estos atentados al patrimonio municipal\u201d expres\u00f3 el encargado del departamento de medio ambiente.<\/p>\n<p style=\"text-align: justify;\">El funcionario hizo un llamado a la comunidad, para que todos los vecinos asuman el cuidado de los contenedores o basureros, recordando que estos elementos, son para beneficios de todos.<\/p>\n<p style=\"text-align: justify;\">As\u00ed mismo hizo un llamado a los j\u00f3venes para evitar distraerse haciendo pedazos o destruyendo los recept\u00e1culos, porque la inteligencia de los j\u00f3venes va m\u00e1s all\u00e1 de encenderle un f\u00f3sforo a un contenedor o a un papelero.<\/p>\n<p style=\"text-align: justify;\">Departamento de Prensa<\/p>\n","protected":false},"excerpt":{"rendered":"<p>Preocupaci\u00f3n existe en el departamento del medio ambiente del municipio de Castro, porque contin\u00faa la quema de contenedores de basuras y de los basureros de madera en diversos puntos de la ciudad. Seg\u00fan lo informado por Nelson C\u00e1rcamo, encargado de este departamento municipal, desde el 2008, el promedio de contenedores que son quemados por a\u00f1os, [&hellip;]<\/p>\n","protected":false},"author":3,"featured_media":1359,"comment_status":"open","ping_status":"open","sticky":false,"template":"","format":"standard","meta":[],"categories":[3],"tags":[5],"jetpack_featured_media_url":"https:\/\/www.radiochiloe.cl\/wp-content\/uploads\/2012\/06\/basureroquemado.jpg","_links":{"self":[{"href":"https:\/\/www.radiochiloe.cl\/index.php?rest_route=\/wp\/v2\/posts\/1358"}],"collection":[{"href":"https:\/\/www.radiochiloe.cl\/index.php?rest_route=\/wp\/v2\/posts"}],"about":[{"href":"https:\/\/www.radiochiloe.cl\/index.php?rest_route=\/wp\/v2\/types\/post"}],"author":[{"embeddable":true,"href":"https:\/\/www.radiochiloe.cl\/index.php?rest_route=\/wp\/v2\/users\/3"}],"replies":[{"embeddable":true,"href":"https:\/\/www.radiochiloe.cl\/index.php?rest_route=%2Fwp%2Fv2%2Fcomments&post=1358"}],"version-history":[{"count":5,"href":"https:\/\/www.radiochiloe.cl\/index.php?rest_route=\/wp\/v2\/posts\/1358\/revisions"}],"predecessor-version":[{"id":1364,"href":"https:\/\/www.radiochiloe.cl\/index.php?rest_route=\/wp\/v2\/posts\/1358\/revisions\/1364"}],"wp:featuredmedia":[{"embeddable":true,"href":"https:\/\/www.radiochiloe.cl\/index.php?rest_route=\/wp\/v2\/media\/1359"}],"wp:attachment":[{"href":"https:\/\/www.radiochiloe.cl\/index.php?rest_route=%2Fwp%2Fv2%2Fmedia&parent=1358"}],"wp:term":[{"taxonomy":"category","embeddable":true,"href":"https:\/\/www.radiochiloe.cl\/index.php?rest_route=%2Fwp%2Fv2%2Fcategories&post=1358"},{"taxonomy":"post_tag","embeddable":true,"href":"https:\/\/www.radiochiloe.cl\/index.php?rest_route=%2Fwp%2Fv2%2Ftags&post=1358"}],"curies":[{"name":"wp","href":"https:\/\/api.w.org\/{rel}","templated":true}]}}