{"id":1365,"date":"2012-06-16T16:16:37","date_gmt":"2012-06-16T20:16:37","guid":{"rendered":"http:\/\/www.radiochiloe.cl\/?p=1365"},"modified":"2012-06-16T16:16:37","modified_gmt":"2012-06-16T20:16:37","slug":"en-el-2013-habra-mas-medicos-especialistas-en-chiloe","status":"publish","type":"post","link":"https:\/\/www.radiochiloe.cl\/?p=1365","title":{"rendered":"En el 2013 habr\u00e1 m\u00e1s m\u00e9dicos especialistas en Chilo\u00e9"},"content":{"rendered":"<p style=\"text-align: justify;\">(EN LA FOTO LUIS CASTILLO SUBSECRETARIO REDES ASISTENCIALES)<\/p>\n<p style=\"text-align: justify;\">En su reciente visita a Chilo\u00e9, el Subsecretario de redes asistenciales,\u00a0Luis\u00a0Castillo, confirm\u00f3 que el Ministerio de Salud, se encuentra desarrollando un programa de especialistas m\u00e9dicos, de los cuales unos 60 llegar\u00edan a la regi\u00f3n, incluyendo a la provincia de Chilo\u00e9.<\/p>\n<p style=\"text-align: justify;\">El personero de Gobierno, se\u00f1al\u00f3 que los profesionales m\u00e9dicos una vez que terminen su especializaci\u00f3n vendr\u00edan a cubrir las necesidades tanto en algunos hospitales de la provincia como tambi\u00e9n en centro de atenci\u00f3n de salud primaria<\/p>\n<p style=\"text-align: justify;\">\u201cEs una inversi\u00f3n de 100 millones de d\u00f3lares que est\u00e1n enfocados en fortalecer, con personal especializado, los distintos establecimientos de salud repartidos en todo el pa\u00eds y para Chilo\u00e9 principalmente llegar\u00edan un contingente significativo de profesionales a la atenci\u00f3n primaria y los hospitales de Castro y Ancud\u201d dijo el subsecretario.<\/p>\n<p style=\"text-align: justify;\">Lu\u00eds Castillo, record\u00f3 que una especializaci\u00f3n m\u00e9dica tiene una duraci\u00f3n de tres a\u00f1os, por lo tanto se prev\u00e9 que los facultativos comiencen a llegar a la regi\u00f3n y a la provincia de Chilo\u00e9 a partir del pr\u00f3ximo a\u00f1o para incorporarse al trabajo de las redes asistenciales de salud \u201ccreemos que el a\u00f1o 2013 tendremos un fuerte crecimiento de m\u00e9dicos especializados, quienes como siguen form\u00e1ndose en distintas universidades, lo m\u00e1s probable que comiencen a llegar a Chilo\u00e9 y la regi\u00f3n el primer trimestre del pr\u00f3ximo a\u00f1o\u201d puntualiz\u00f3.<\/p>\n<p style=\"text-align: justify;\">Consultado a cerca del proyecto de un avi\u00f3n ambulancia para Chilo\u00e9, el subsecretario de redes asistenciales, Luis Castillo, indic\u00f3 que le ha solicitado al director del Servicio de salud Chilo\u00e9, que haga las consultas a las instituciones especializadas, como el caso de la Fuerza A\u00e9rea, con el objeto de analizar el tema de c\u00f3mo opera el sistema.<\/p>\n<p style=\"text-align: justify;\">Record\u00f3 que los servicios de salud, no son expertos en manejar, operar y mantener aviones, por lo tanto cualquier cosa que llegue a la comunidad lo debieran manejar las instituciones especializadas.<\/p>\n<p style=\"text-align: justify;\">Departamento de Prensa<\/p>\n","protected":false},"excerpt":{"rendered":"<p>(EN LA FOTO LUIS CASTILLO SUBSECRETARIO REDES ASISTENCIALES) En su reciente visita a Chilo\u00e9, el Subsecretario de redes asistenciales,\u00a0Luis\u00a0Castillo, confirm\u00f3 que el Ministerio de Salud, se encuentra desarrollando un programa de especialistas m\u00e9dicos, de los cuales unos 60 llegar\u00edan a la regi\u00f3n, incluyendo a la provincia de Chilo\u00e9. El personero de Gobierno, se\u00f1al\u00f3 que los [&hellip;]<\/p>\n","protected":false},"author":2,"featured_media":1366,"comment_status":"open","ping_status":"open","sticky":false,"template":"","format":"standard","meta":[],"categories":[3],"tags":[5],"jetpack_featured_media_url":"https:\/\/www.radiochiloe.cl\/wp-content\/uploads\/2012\/06\/luiscastillo.jpg","_links":{"self":[{"href":"https:\/\/www.radiochiloe.cl\/index.php?rest_route=\/wp\/v2\/posts\/1365"}],"collection":[{"href":"https:\/\/www.radiochiloe.cl\/index.php?rest_route=\/wp\/v2\/posts"}],"about":[{"href":"https:\/\/www.radiochiloe.cl\/index.php?rest_route=\/wp\/v2\/types\/post"}],"author":[{"embeddable":true,"href":"https:\/\/www.radiochiloe.cl\/index.php?rest_route=\/wp\/v2\/users\/2"}],"replies":[{"embeddable":true,"href":"https:\/\/www.radiochiloe.cl\/index.php?rest_route=%2Fwp%2Fv2%2Fcomments&post=1365"}],"version-history":[{"count":4,"href":"https:\/\/www.radiochiloe.cl\/index.php?rest_route=\/wp\/v2\/posts\/1365\/revisions"}],"predecessor-version":[{"id":1370,"href":"https:\/\/www.radiochiloe.cl\/index.php?rest_route=\/wp\/v2\/posts\/1365\/revisions\/1370"}],"wp:featuredmedia":[{"embeddable":true,"href":"https:\/\/www.radiochiloe.cl\/index.php?rest_route=\/wp\/v2\/media\/1366"}],"wp:attachment":[{"href":"https:\/\/www.radiochiloe.cl\/index.php?rest_route=%2Fwp%2Fv2%2Fmedia&parent=1365"}],"wp:term":[{"taxonomy":"category","embeddable":true,"href":"https:\/\/www.radiochiloe.cl\/index.php?rest_route=%2Fwp%2Fv2%2Fcategories&post=1365"},{"taxonomy":"post_tag","embeddable":true,"href":"https:\/\/www.radiochiloe.cl\/index.php?rest_route=%2Fwp%2Fv2%2Ftags&post=1365"}],"curies":[{"name":"wp","href":"https:\/\/api.w.org\/{rel}","templated":true}]}}