{"id":1371,"date":"2012-06-16T16:25:22","date_gmt":"2012-06-16T20:25:22","guid":{"rendered":"http:\/\/www.radiochiloe.cl\/?p=1371"},"modified":"2012-06-16T16:25:22","modified_gmt":"2012-06-16T20:25:22","slug":"amichile-avanza-exitosamente-con-su-programa-de-intermediacion-laboral-en-chiloe","status":"publish","type":"post","link":"https:\/\/www.radiochiloe.cl\/?p=1371","title":{"rendered":"Amichile avanza exitosamente con su programa de Intermediaci\u00f3n Laboral en Chilo\u00e9"},"content":{"rendered":"<p style=\"text-align: justify;\">(FOTO ARCHIVO)<\/p>\n<p style=\"text-align: justify;\">La Asociaci\u00f3n de Mitilicultores de Chile, Amichile, inform\u00f3 los resultados de avances del ciclo de apoyo empresarial realizado a trav\u00e9s del proyecto Agencia Privada de Intermediaci\u00f3n Laboral APIL, que se encuentra operando desde hace siete meses.<\/p>\n<p style=\"text-align: justify;\">Se inform\u00f3 que a la fecha se han capacitado en apresto laboral y empleabilidad a doscientos veinte j\u00f3venes de Chilo\u00e9, superando con creces su meta de inserci\u00f3n laboral que aspiraba a 200 personas, pero hoy ya cuenta con 246 trabajadores, insertados en empresas del rubro acu\u00edcola.<\/p>\n<p style=\"text-align: justify;\">Gracias a la labor de capacitaciones y gesti\u00f3n de los cesantes, con una base de datos de 450 personas aproximadamente, se est\u00e1 contribuyendo a ampliar las posibilidades laborales de los cesantes del rubro.<\/p>\n<p style=\"text-align: justify;\">Yohana Gonz\u00e1lez, gerente de Amichile, explic\u00f3 que s\u00ed bien la implementaci\u00f3n de la APIL, es una experiencia nueva, y aunque no ha sido f\u00e1cil, la idea es continuar participando en estas iniciativas, de tal forma que se pueda contribuir al acercamiento de la oferta de trabajo a la demanda laboral.<\/p>\n<p style=\"text-align: justify;\">Agreg\u00f3 que la iniciativa que ha sido evaluada con \u00e9xito en el sector, se enfoca tambi\u00e9n a ofrecer los mejores empleados para las empresas, precisando que de los cesantes existentes, se eligen a los mejores, se les capacita y se les ayuda a elaborar sus curriculums.<\/p>\n<p style=\"text-align: justify;\">Indic\u00f3 que a trav\u00e9s de esta agencia, se da una oportunidad laboral para que puedan mantenerse en el tiempo, lo que ha permitido superar las metas y por lo mismo lo motiva a continuar trabajando.<\/p>\n<p style=\"text-align: justify;\">Yohana Gonz\u00e1lez, agreg\u00f3 adem\u00e1s que 220 estudiantes de los Liceos Polivalente de Dalcahue y de Quemchi, como tambi\u00e9n del Idemar, fueron capacitados en materia laboral como una iniciativa enfocada a combatir la deserci\u00f3n laboral que marca altos \u00edndices dentro de la provincia de Chilo\u00e9, especialmente en plantas de proceso y pesqueras.<\/p>\n<p style=\"text-align: justify;\">Las jornadas promovidas por Amichile, a trav\u00e9s de APIL, en conjunto con la OMIL de Dalcahue, la Dideco de Quemchi y el financiamiento del SENCE, buscaron entregar herramientas de preparaci\u00f3n para j\u00f3venes que se encuentran en tercero y cuarto de la ense\u00f1anza media para enfrentar con responsabilidad el futuro laboral.<\/p>\n<p style=\"text-align: justify;\">Departamento de Prensa<\/p>\n","protected":false},"excerpt":{"rendered":"<p>(FOTO ARCHIVO) La Asociaci\u00f3n de Mitilicultores de Chile, Amichile, inform\u00f3 los resultados de avances del ciclo de apoyo empresarial realizado a trav\u00e9s del proyecto Agencia Privada de Intermediaci\u00f3n Laboral APIL, que se encuentra operando desde hace siete meses. Se inform\u00f3 que a la fecha se han capacitado en apresto laboral y empleabilidad a doscientos veinte [&hellip;]<\/p>\n","protected":false},"author":2,"featured_media":1372,"comment_status":"open","ping_status":"open","sticky":false,"template":"","format":"standard","meta":[],"categories":[3],"tags":[5],"jetpack_featured_media_url":"https:\/\/www.radiochiloe.cl\/wp-content\/uploads\/2012\/06\/amichile.jpg","_links":{"self":[{"href":"https:\/\/www.radiochiloe.cl\/index.php?rest_route=\/wp\/v2\/posts\/1371"}],"collection":[{"href":"https:\/\/www.radiochiloe.cl\/index.php?rest_route=\/wp\/v2\/posts"}],"about":[{"href":"https:\/\/www.radiochiloe.cl\/index.php?rest_route=\/wp\/v2\/types\/post"}],"author":[{"embeddable":true,"href":"https:\/\/www.radiochiloe.cl\/index.php?rest_route=\/wp\/v2\/users\/2"}],"replies":[{"embeddable":true,"href":"https:\/\/www.radiochiloe.cl\/index.php?rest_route=%2Fwp%2Fv2%2Fcomments&post=1371"}],"version-history":[{"count":2,"href":"https:\/\/www.radiochiloe.cl\/index.php?rest_route=\/wp\/v2\/posts\/1371\/revisions"}],"predecessor-version":[{"id":1374,"href":"https:\/\/www.radiochiloe.cl\/index.php?rest_route=\/wp\/v2\/posts\/1371\/revisions\/1374"}],"wp:featuredmedia":[{"embeddable":true,"href":"https:\/\/www.radiochiloe.cl\/index.php?rest_route=\/wp\/v2\/media\/1372"}],"wp:attachment":[{"href":"https:\/\/www.radiochiloe.cl\/index.php?rest_route=%2Fwp%2Fv2%2Fmedia&parent=1371"}],"wp:term":[{"taxonomy":"category","embeddable":true,"href":"https:\/\/www.radiochiloe.cl\/index.php?rest_route=%2Fwp%2Fv2%2Fcategories&post=1371"},{"taxonomy":"post_tag","embeddable":true,"href":"https:\/\/www.radiochiloe.cl\/index.php?rest_route=%2Fwp%2Fv2%2Ftags&post=1371"}],"curies":[{"name":"wp","href":"https:\/\/api.w.org\/{rel}","templated":true}]}}