{"id":1427,"date":"2012-06-19T07:30:55","date_gmt":"2012-06-19T11:30:55","guid":{"rendered":"http:\/\/www.radiochiloe.cl\/?p=1427"},"modified":"2012-06-18T17:19:06","modified_gmt":"2012-06-18T21:19:06","slug":"mineduc-invita-a-docentes-a-postular-a-cursos-gratuitos-sobre-las-nuevas-bases-curriculares","status":"publish","type":"post","link":"https:\/\/www.radiochiloe.cl\/?p=1427","title":{"rendered":"Mineduc invita a docentes a postular a cursos gratuitos sobre las nuevas bases curriculares"},"content":{"rendered":"<p style=\"text-align: justify;\">Profesores de Primero a Sexto B\u00e1sico tienen a su disposici\u00f3n ocho programas de perfeccionamiento en l\u00ednea, para las asignaturas de Lenguaje, Matem\u00e1tica, Ciencias Sociales y Ciencias Naturales. Las inscripciones son hasta el mi\u00e9rcoles 20 de junio.<\/p>\n<p style=\"text-align: justify;\">El Secretario Ministerial de Educaci\u00f3n de Los Lagos, Carlos Mu\u00f1oz, inform\u00f3 que hasta este mi\u00e9rcoles 20 de junio se extiende el plazo para que profesores de Ense\u00f1anza B\u00e1sica de nuestra regi\u00f3n postulen a una serie de cursos acerca de las nuevas bases curriculares del Ministerio. Esta iniciativa, implementada por el Mineduc a trav\u00e9s del Centro de Perfeccionamiento e Investigaciones Pedag\u00f3gicas (CPEIP), busca brindar apoyo a los docentes de Primero a Sexto B\u00e1sico en \u00e1mbitos imprescindibles para su desarrollo profesional.<\/p>\n<p style=\"text-align: justify;\">\u201cLos requisitos para postular son tener un contrato vigente en escuelas municipales o particulares subvencionadas; desempe\u00f1arse actualmente en Educaci\u00f3n B\u00e1sica; y disponer de un computador con conexi\u00f3n a internet por al menos ocho horas a la semana\u201d, indic\u00f3 la autoridad regional.<\/p>\n<p style=\"text-align: justify;\">En total son ocho cursos los que se dictan en modalidad online, y corresponden a las asignaturas de Lenguaje y Comunicaci\u00f3n, Matem\u00e1tica, Ciencias Naturales e Historia, Geograf\u00eda y Ciencias Sociales, cada una de ellas dividida seg\u00fan niveles (Primero a Tercero y Cuarto a Sexto B\u00e1sico).<\/p>\n<p style=\"text-align: justify;\">\u201cInvito a los profesores de la regi\u00f3n de Los Lagos a informarse y postular a esta interesante oferta de cursos que el Mineduc pone a su disposici\u00f3n. El plazo de inscripci\u00f3n vence este mi\u00e9rcoles 20, y los m\u00f3dulos comienzan el jueves 5 de julio\u201d, se\u00f1al\u00f3 el Seremi Mu\u00f1oz.<\/p>\n<p style=\"text-align: justify;\">Las postulaciones se realizan en el sitio www.cpeip.cl (secci\u00f3n Educaci\u00f3n Continua), donde tambi\u00e9n est\u00e1 toda la informaci\u00f3n referida al proceso.<\/p>\n<p style=\"text-align: justify;\">Departamento de Prensa<\/p>\n","protected":false},"excerpt":{"rendered":"<p>Profesores de Primero a Sexto B\u00e1sico tienen a su disposici\u00f3n ocho programas de perfeccionamiento en l\u00ednea, para las asignaturas de Lenguaje, Matem\u00e1tica, Ciencias Sociales y Ciencias Naturales. Las inscripciones son hasta el mi\u00e9rcoles 20 de junio. El Secretario Ministerial de Educaci\u00f3n de Los Lagos, Carlos Mu\u00f1oz, inform\u00f3 que hasta este mi\u00e9rcoles 20 de junio se [&hellip;]<\/p>\n","protected":false},"author":2,"featured_media":1428,"comment_status":"open","ping_status":"open","sticky":false,"template":"","format":"standard","meta":[],"categories":[3],"tags":[5],"jetpack_featured_media_url":"https:\/\/www.radiochiloe.cl\/wp-content\/uploads\/2012\/06\/cursoprofesores.jpg","_links":{"self":[{"href":"https:\/\/www.radiochiloe.cl\/index.php?rest_route=\/wp\/v2\/posts\/1427"}],"collection":[{"href":"https:\/\/www.radiochiloe.cl\/index.php?rest_route=\/wp\/v2\/posts"}],"about":[{"href":"https:\/\/www.radiochiloe.cl\/index.php?rest_route=\/wp\/v2\/types\/post"}],"author":[{"embeddable":true,"href":"https:\/\/www.radiochiloe.cl\/index.php?rest_route=\/wp\/v2\/users\/2"}],"replies":[{"embeddable":true,"href":"https:\/\/www.radiochiloe.cl\/index.php?rest_route=%2Fwp%2Fv2%2Fcomments&post=1427"}],"version-history":[{"count":2,"href":"https:\/\/www.radiochiloe.cl\/index.php?rest_route=\/wp\/v2\/posts\/1427\/revisions"}],"predecessor-version":[{"id":1430,"href":"https:\/\/www.radiochiloe.cl\/index.php?rest_route=\/wp\/v2\/posts\/1427\/revisions\/1430"}],"wp:featuredmedia":[{"embeddable":true,"href":"https:\/\/www.radiochiloe.cl\/index.php?rest_route=\/wp\/v2\/media\/1428"}],"wp:attachment":[{"href":"https:\/\/www.radiochiloe.cl\/index.php?rest_route=%2Fwp%2Fv2%2Fmedia&parent=1427"}],"wp:term":[{"taxonomy":"category","embeddable":true,"href":"https:\/\/www.radiochiloe.cl\/index.php?rest_route=%2Fwp%2Fv2%2Fcategories&post=1427"},{"taxonomy":"post_tag","embeddable":true,"href":"https:\/\/www.radiochiloe.cl\/index.php?rest_route=%2Fwp%2Fv2%2Ftags&post=1427"}],"curies":[{"name":"wp","href":"https:\/\/api.w.org\/{rel}","templated":true}]}}