{"id":1431,"date":"2012-06-19T08:30:13","date_gmt":"2012-06-19T12:30:13","guid":{"rendered":"http:\/\/www.radiochiloe.cl\/?p=1431"},"modified":"2012-06-18T17:23:34","modified_gmt":"2012-06-18T21:23:34","slug":"intendente-montes-confirmo-que-28-comunas-de-la-region-ya-fueron-censadas","status":"publish","type":"post","link":"https:\/\/www.radiochiloe.cl\/?p=1431","title":{"rendered":"Intendente Montes confirm\u00f3 que 28 comunas de la Regi\u00f3n ya fueron censadas"},"content":{"rendered":"<p style=\"text-align: justify;\">De las 30 comunas de la Regi\u00f3n de los Lagos, han finalizado el proceso 28, situaci\u00f3n \u201cque nos posiciona sobre la media a nivel nacional\u201d, expres\u00f3 el intendente Juan Sebasti\u00e1n Montes, quien junto al director regional del INE, Marcelo \u00c1lvarez, precis\u00f3 que las provincias de Chilo\u00e9 y Palena ya est\u00e1n censadas.<\/p>\n<p style=\"text-align: justify;\">El jefe del Gobierno Regional dijo que con respecto a las comunas que aun est\u00e1n en proceso, en la ciudad de Osorno se finalizar\u00e1 el per\u00edodo de levantamiento el d\u00eda mi\u00e9rcoles 20 de junio, mientras que en Puerto Montt, termina durante esta semana, quedando para la pr\u00f3xima semana los moradores ausentes en el momento de ser visitados.<\/p>\n<p style=\"text-align: justify;\">Tanto el jefe del Gobierno Regional, como el director del INE, destacaron el gran operativo que se desarrollo el fin de semana reci\u00e9n pasado en Alerce, donde se logr\u00f3 censar 2.500 viviendas, gracias al importante apoyo de Carabineros y la PDI.<\/p>\n<p style=\"text-align: justify;\">\u201cUna vez finalizado el levantamiento en terreno de las comunas, comienza una fuerte campa\u00f1a de recuperaci\u00f3n de moradores ausentes. Esta campa\u00f1a tiene por objetivo lograr la cobertura de aquellas viviendas que se encontraban con moradores ausentes y a las cuales se realiz\u00f3 como m\u00ednimo tres visitas en terreno, sin lograr censar a estas viviendas\u201d, explic\u00f3 el intendente Montes. Por su parte \u00c1lvarez indic\u00f3 que para lograr el 100% se necesita la colaboraci\u00f3n de la ciudadan\u00eda, mediante llamados a los locales operativos, para realizar el levantamiento de estas viviendas.<\/p>\n<p style=\"text-align: justify;\">Las personas que no han sido censadas pueden solicitar su hora y d\u00eda para ese fin, llamando al (65) 231367-231369-253063 o al Call Center 800123060, y tambi\u00e9n al correo electr\u00f3nico censo.puertomontt@ine.cl<\/p>\n<p style=\"text-align: justify;\">El per\u00edodo de levantamiento es de aproximadamente 3 meses, que parti\u00f3 el 9 de abril y finaliza el 30 de junio, a lo largo de todo el pa\u00eds. Este per\u00edodo de levantamiento, asegura cobertura total del territorio nacional y regional.<\/p>\n<p style=\"text-align: justify;\">El Censo debe ser respondido por un residente habitual de la vivienda, considerado informante id\u00f3neo (mayor de 18 a\u00f1os). Uno de los cambios m\u00e1s importantes de metodolog\u00eda es el concepto de residencia habitual, que es el lugar donde la persona ha vivido durante los \u00faltimos 12 meses o tiene la intenci\u00f3n de permanecer los pr\u00f3ximos 12 meses.<\/p>\n<p style=\"text-align: justify;\">Departamento de Prensa<\/p>\n","protected":false},"excerpt":{"rendered":"<p>De las 30 comunas de la Regi\u00f3n de los Lagos, han finalizado el proceso 28, situaci\u00f3n \u201cque nos posiciona sobre la media a nivel nacional\u201d, expres\u00f3 el intendente Juan Sebasti\u00e1n Montes, quien junto al director regional del INE, Marcelo \u00c1lvarez, precis\u00f3 que las provincias de Chilo\u00e9 y Palena ya est\u00e1n censadas. El jefe del Gobierno [&hellip;]<\/p>\n","protected":false},"author":2,"featured_media":1432,"comment_status":"open","ping_status":"open","sticky":false,"template":"","format":"standard","meta":[],"categories":[3],"tags":[5],"jetpack_featured_media_url":"https:\/\/www.radiochiloe.cl\/wp-content\/uploads\/2012\/06\/censocumple.jpg","_links":{"self":[{"href":"https:\/\/www.radiochiloe.cl\/index.php?rest_route=\/wp\/v2\/posts\/1431"}],"collection":[{"href":"https:\/\/www.radiochiloe.cl\/index.php?rest_route=\/wp\/v2\/posts"}],"about":[{"href":"https:\/\/www.radiochiloe.cl\/index.php?rest_route=\/wp\/v2\/types\/post"}],"author":[{"embeddable":true,"href":"https:\/\/www.radiochiloe.cl\/index.php?rest_route=\/wp\/v2\/users\/2"}],"replies":[{"embeddable":true,"href":"https:\/\/www.radiochiloe.cl\/index.php?rest_route=%2Fwp%2Fv2%2Fcomments&post=1431"}],"version-history":[{"count":2,"href":"https:\/\/www.radiochiloe.cl\/index.php?rest_route=\/wp\/v2\/posts\/1431\/revisions"}],"predecessor-version":[{"id":1434,"href":"https:\/\/www.radiochiloe.cl\/index.php?rest_route=\/wp\/v2\/posts\/1431\/revisions\/1434"}],"wp:featuredmedia":[{"embeddable":true,"href":"https:\/\/www.radiochiloe.cl\/index.php?rest_route=\/wp\/v2\/media\/1432"}],"wp:attachment":[{"href":"https:\/\/www.radiochiloe.cl\/index.php?rest_route=%2Fwp%2Fv2%2Fmedia&parent=1431"}],"wp:term":[{"taxonomy":"category","embeddable":true,"href":"https:\/\/www.radiochiloe.cl\/index.php?rest_route=%2Fwp%2Fv2%2Fcategories&post=1431"},{"taxonomy":"post_tag","embeddable":true,"href":"https:\/\/www.radiochiloe.cl\/index.php?rest_route=%2Fwp%2Fv2%2Ftags&post=1431"}],"curies":[{"name":"wp","href":"https:\/\/api.w.org\/{rel}","templated":true}]}}