{"id":1442,"date":"2012-06-19T10:35:31","date_gmt":"2012-06-19T14:35:31","guid":{"rendered":"http:\/\/www.radiochiloe.cl\/?p=1442"},"modified":"2012-06-19T10:35:31","modified_gmt":"2012-06-19T14:35:31","slug":"concluyeron-las-labores-de-busqueda-de-pescador-desaparecido-en-quellon","status":"publish","type":"post","link":"https:\/\/www.radiochiloe.cl\/?p=1442","title":{"rendered":"Concluyeron las labores de b\u00fasqueda de pescador desaparecido en Quell\u00f3n"},"content":{"rendered":"<p style=\"text-align: justify;\">El domingo concluyeron las labores de b\u00fasqueda del pescador Juan Piucol Mansilla, quien desapareci\u00f3 al sur de Quell\u00f3n, cuando se trasladaba en su embarcaci\u00f3n hasta el sector de Caleta In\u00edo hace algunos d\u00edas atr\u00e1s.<\/p>\n<p style=\"text-align: justify;\">Denis Alvarado, presidenta de comit\u00e9 de damas del mar de Quell\u00f3n, Codamar, se\u00f1al\u00f3 que junto a personal de la Armada de Chile, se hicieron todos los esfuerzos para encontrar los restos del pescador, pero lamentablemente estas labores no arrojaron resultados positivos.<\/p>\n<p style=\"text-align: justify;\">\u201cLas labores de b\u00fasqueda no arrojaron resultados positivos, solo se encontr\u00f3 un chaleco pero el cuerpo todav\u00eda no aparece. Quiero agradecer infinitamente las gestiones del diputado Alejandro Santana y del gobernador Cesar Zambrano con la Armada que aumentaron en 4 d\u00edas m\u00e1s, pero pese a todo no pudimos entregar tranquilidad a las familias\u201d expres\u00f3.<\/p>\n<p style=\"text-align: justify;\">La dirigenta agreg\u00f3 que a la b\u00fasqueda de don Juan Piucol, se suma la b\u00fasqueda de los dos pescadores de la lancha Mar del Sur 2, en isla Guafo, donde las labores se han visto dificultadas por las condiciones de tiempo que han afectado a la zona.<\/p>\n<p style=\"text-align: justify;\">Denis Alvarado agreg\u00f3 que despu\u00e9s de los 7 d\u00edas de b\u00fasqueda por parte de la Armada de Chile, ahora se espera que las condiciones clim\u00e1ticas mejoren para que los pescadores cuando salgan a sus faenas, puedan rastrear las \u00e1reas donde se registraron ambos accidentes mar\u00edtimos.<\/p>\n<p style=\"text-align: justify;\">\u201cA esto se suma la preocupaci\u00f3n que existe por los otros dos desaparecidos de isla Guafo, Pedro Llancalahuen y Fabi\u00e1n Mario, todo lo que hab\u00edamos reunido para buscarlos tuvo que entregarse en las labores de b\u00fasqueda de Juan Piucol, con esto queda claro que hemos hecho todo lo humanamente posible pero todav\u00eda continua la esperanza que los pescadores encuentren algo cuando salen en busca del sustento en el mar\u201d explic\u00f3.<\/p>\n<p style=\"text-align: justify;\">Cabe recordar que el pescador Juan Piucol, se encuentra desaparecido desde el 6 de Junio, mientras que los dos tripulantes de la lancha a motor Mar del sur 2, est\u00e1n desparecidos desde el 25 d Mayo en el \u00e1rea de isla Guafo.<\/p>\n<p style=\"text-align: justify;\">Por \u00faltimo Denis Alvarado aclar\u00f3 que no se pierden las esperanzas de encontrar los cuerpos. Adem\u00e1s agradeci\u00f3 el gesto del alcalde Iv\u00e1n Haro que esta ayudando a las familias a mitigar todo este mal momento y sobre todo brindando el consuelo a estas familias que todav\u00eda esperan por un milagro.<\/p>\n<p style=\"text-align: justify;\">Departamento de Prensa<\/p>\n","protected":false},"excerpt":{"rendered":"<p>El domingo concluyeron las labores de b\u00fasqueda del pescador Juan Piucol Mansilla, quien desapareci\u00f3 al sur de Quell\u00f3n, cuando se trasladaba en su embarcaci\u00f3n hasta el sector de Caleta In\u00edo hace algunos d\u00edas atr\u00e1s. Denis Alvarado, presidenta de comit\u00e9 de damas del mar de Quell\u00f3n, Codamar, se\u00f1al\u00f3 que junto a personal de la Armada de [&hellip;]<\/p>\n","protected":false},"author":2,"featured_media":1443,"comment_status":"open","ping_status":"open","sticky":false,"template":"","format":"standard","meta":[],"categories":[3],"tags":[5],"jetpack_featured_media_url":"https:\/\/www.radiochiloe.cl\/wp-content\/uploads\/2012\/06\/rescatepescador.jpg","_links":{"self":[{"href":"https:\/\/www.radiochiloe.cl\/index.php?rest_route=\/wp\/v2\/posts\/1442"}],"collection":[{"href":"https:\/\/www.radiochiloe.cl\/index.php?rest_route=\/wp\/v2\/posts"}],"about":[{"href":"https:\/\/www.radiochiloe.cl\/index.php?rest_route=\/wp\/v2\/types\/post"}],"author":[{"embeddable":true,"href":"https:\/\/www.radiochiloe.cl\/index.php?rest_route=\/wp\/v2\/users\/2"}],"replies":[{"embeddable":true,"href":"https:\/\/www.radiochiloe.cl\/index.php?rest_route=%2Fwp%2Fv2%2Fcomments&post=1442"}],"version-history":[{"count":3,"href":"https:\/\/www.radiochiloe.cl\/index.php?rest_route=\/wp\/v2\/posts\/1442\/revisions"}],"predecessor-version":[{"id":1446,"href":"https:\/\/www.radiochiloe.cl\/index.php?rest_route=\/wp\/v2\/posts\/1442\/revisions\/1446"}],"wp:featuredmedia":[{"embeddable":true,"href":"https:\/\/www.radiochiloe.cl\/index.php?rest_route=\/wp\/v2\/media\/1443"}],"wp:attachment":[{"href":"https:\/\/www.radiochiloe.cl\/index.php?rest_route=%2Fwp%2Fv2%2Fmedia&parent=1442"}],"wp:term":[{"taxonomy":"category","embeddable":true,"href":"https:\/\/www.radiochiloe.cl\/index.php?rest_route=%2Fwp%2Fv2%2Fcategories&post=1442"},{"taxonomy":"post_tag","embeddable":true,"href":"https:\/\/www.radiochiloe.cl\/index.php?rest_route=%2Fwp%2Fv2%2Ftags&post=1442"}],"curies":[{"name":"wp","href":"https:\/\/api.w.org\/{rel}","templated":true}]}}