{"id":1450,"date":"2012-06-19T15:20:39","date_gmt":"2012-06-19T19:20:39","guid":{"rendered":"http:\/\/www.radiochiloe.cl\/?p=1450"},"modified":"2012-06-19T15:20:39","modified_gmt":"2012-06-19T19:20:39","slug":"pdi-cumplio-79-anos-de-existencia","status":"publish","type":"post","link":"https:\/\/www.radiochiloe.cl\/?p=1450","title":{"rendered":"PDI cumpli\u00f3 79 a\u00f1os de existencia"},"content":{"rendered":"<p style=\"text-align: justify;\">Realizar un trabajo cercano con la gente para llevar tranquilidad a la comunidad es uno de los principales desaf\u00edos, que tiene la Polic\u00eda de Investigaciones en Castro, cuando esta instituci\u00f3n cumple en el d\u00eda de hoy 79 a\u00f1os de existencia.<\/p>\n<p style=\"text-align: justify;\">As\u00ed lo manifest\u00f3 el Subprefecto de este organismo policial, Claudio Cabello, en el marco de este nuevo aniversario institucional, precisando que si bien se han logrado metas importantes la idea es seguir trabajando para prevenir la delincuencia.<\/p>\n<p style=\"text-align: justify;\">\u201cCreemos que la clave para seguir compenetr\u00e1ndose con la comunidad es que cada vez estemos m\u00e1s cerca de ellos, para que as\u00ed podamos hacer un trabajo en conjunto para seguir combatiendo la delincuencia, esto queda claro con las autoridades de turno manifiestan los buenos \u00edndices que la Bricrim Castro ha conseguido en los \u00faltimos a\u00f1os\u201d sostuvo.<\/p>\n<p style=\"text-align: justify;\">Claudio Cabello, agreg\u00f3 que dentro de los \u00faltimos logros que ha tenido la PDI en Chilo\u00e9, ha sido la asignaci\u00f3n de una avanzada para la ciudad de Quell\u00f3n, la cual se vendr\u00e1 a fortalecer con la implementaci\u00f3n de un cuartel para esta instituci\u00f3n policial \u201cesperamos que se concrete el cuartel definitivo en la comuna de Quell\u00f3n, porque se as\u00ed se vera mayormente reforzado el compromiso que tenemos como instituci\u00f3n\u201d recalc\u00f3.<\/p>\n<p style=\"text-align: justify;\">El subprefecto, se\u00f1al\u00f3 que en el caso de la provincia de Chilo\u00e9, trabajan alrededor de 30 funcionarios de la PDI, quienes a diario se esfuerzan con gran esmero para llevar tranquilidad a la comunidad<\/p>\n<p style=\"text-align: justify;\">Agreg\u00f3 que si bien a\u00fan falta personal, la idea es seguir trabajando, entendiendo que cada d\u00eda se presentan desaf\u00edos diferentes, para responder a las necesidades de la gente.<\/p>\n<p style=\"text-align: justify;\">Departamento de Prensa<\/p>\n","protected":false},"excerpt":{"rendered":"<p>Realizar un trabajo cercano con la gente para llevar tranquilidad a la comunidad es uno de los principales desaf\u00edos, que tiene la Polic\u00eda de Investigaciones en Castro, cuando esta instituci\u00f3n cumple en el d\u00eda de hoy 79 a\u00f1os de existencia. As\u00ed lo manifest\u00f3 el Subprefecto de este organismo policial, Claudio Cabello, en el marco de [&hellip;]<\/p>\n","protected":false},"author":2,"featured_media":1451,"comment_status":"open","ping_status":"open","sticky":false,"template":"","format":"standard","meta":[],"categories":[3],"tags":[5],"jetpack_featured_media_url":"https:\/\/www.radiochiloe.cl\/wp-content\/uploads\/2012\/06\/pdianiversario.jpg","_links":{"self":[{"href":"https:\/\/www.radiochiloe.cl\/index.php?rest_route=\/wp\/v2\/posts\/1450"}],"collection":[{"href":"https:\/\/www.radiochiloe.cl\/index.php?rest_route=\/wp\/v2\/posts"}],"about":[{"href":"https:\/\/www.radiochiloe.cl\/index.php?rest_route=\/wp\/v2\/types\/post"}],"author":[{"embeddable":true,"href":"https:\/\/www.radiochiloe.cl\/index.php?rest_route=\/wp\/v2\/users\/2"}],"replies":[{"embeddable":true,"href":"https:\/\/www.radiochiloe.cl\/index.php?rest_route=%2Fwp%2Fv2%2Fcomments&post=1450"}],"version-history":[{"count":2,"href":"https:\/\/www.radiochiloe.cl\/index.php?rest_route=\/wp\/v2\/posts\/1450\/revisions"}],"predecessor-version":[{"id":1453,"href":"https:\/\/www.radiochiloe.cl\/index.php?rest_route=\/wp\/v2\/posts\/1450\/revisions\/1453"}],"wp:featuredmedia":[{"embeddable":true,"href":"https:\/\/www.radiochiloe.cl\/index.php?rest_route=\/wp\/v2\/media\/1451"}],"wp:attachment":[{"href":"https:\/\/www.radiochiloe.cl\/index.php?rest_route=%2Fwp%2Fv2%2Fmedia&parent=1450"}],"wp:term":[{"taxonomy":"category","embeddable":true,"href":"https:\/\/www.radiochiloe.cl\/index.php?rest_route=%2Fwp%2Fv2%2Fcategories&post=1450"},{"taxonomy":"post_tag","embeddable":true,"href":"https:\/\/www.radiochiloe.cl\/index.php?rest_route=%2Fwp%2Fv2%2Ftags&post=1450"}],"curies":[{"name":"wp","href":"https:\/\/api.w.org\/{rel}","templated":true}]}}