{"id":1459,"date":"2012-06-20T15:41:21","date_gmt":"2012-06-20T19:41:21","guid":{"rendered":"http:\/\/www.radiochiloe.cl\/?p=1459"},"modified":"2012-06-20T15:41:21","modified_gmt":"2012-06-20T19:41:21","slug":"saesa-realiza-importante-donacion-a-la-escuela-villa-chacao","status":"publish","type":"post","link":"https:\/\/www.radiochiloe.cl\/?p=1459","title":{"rendered":"SAESA realiza importante donaci\u00f3n a la Escuela Villa Chacao"},"content":{"rendered":"<p style=\"text-align: justify;\">Con la presencia del Alcalde de Ancud Federico Kr\u00fcger, representantes de SAESA en la provincia de Chilo\u00e9 hicieron entrega de un importante material para equipar una sala audiovisual en la escuela Villa Chacao. La iniciativa responde a las acciones de Responsabilidad Social Empresarial que la empresa realiza en la zona denominada \u201cA la Escuela con Energ\u00eda\u201d y que selecciona todos los a\u00f1os una escuela a quien aportar desde la entidad el\u00e9ctrica.<\/p>\n<p style=\"text-align: justify;\">El Alcalde Kr\u00fcger quien previamente recorri\u00f3 las aulas del establecimiento educacional, agradeci\u00f3 la donaci\u00f3n a la comunidad escolar de Villa Chacao y dijo que se trata de aportar de todas las formas posibles con la calidad de la educaci\u00f3n de los ni\u00f1os, gesto que tambi\u00e9n reconoci\u00f3 la directora de la Escuela Patricia Gerding, que destac\u00f3 los altos puntajes obtenidos en el \u00faltimo SIMCE.<\/p>\n<p style=\"text-align: justify;\">En esta oportunidad Francisco Yungue, m\u00e1ximo representante de SAESA en Chilo\u00e9 hizo entrega de un lector de DVD, un equipo de m\u00fasica y un data que servir\u00e1n para implementar la l\u00ednea audiovisual al interior de la escuela, el material fue recibido con entusiasmo por parte de los alumnos quienes ofrecieron a los asistentes una celebraci\u00f3n art\u00edstica.<\/p>\n<p style=\"text-align: justify;\">Cabe se\u00f1alar que la Escuela Villa Chacao tiene una matr\u00edcula de 93 alumnos en la actualidad y se fund\u00f3 en el a\u00f1o 1886, lo que da cuenta de la trayectoria de este importante establecimiento educacional en la zona norte de la provincia de Chilo\u00e9.<\/p>\n<p style=\"text-align: justify;\">Departamento de Prensa<\/p>\n","protected":false},"excerpt":{"rendered":"<p>Con la presencia del Alcalde de Ancud Federico Kr\u00fcger, representantes de SAESA en la provincia de Chilo\u00e9 hicieron entrega de un importante material para equipar una sala audiovisual en la escuela Villa Chacao. La iniciativa responde a las acciones de Responsabilidad Social Empresarial que la empresa realiza en la zona denominada \u201cA la Escuela con [&hellip;]<\/p>\n","protected":false},"author":2,"featured_media":1460,"comment_status":"open","ping_status":"open","sticky":false,"template":"","format":"standard","meta":[],"categories":[3],"tags":[5],"jetpack_featured_media_url":"https:\/\/www.radiochiloe.cl\/wp-content\/uploads\/2012\/06\/saesaancud.jpg","_links":{"self":[{"href":"https:\/\/www.radiochiloe.cl\/index.php?rest_route=\/wp\/v2\/posts\/1459"}],"collection":[{"href":"https:\/\/www.radiochiloe.cl\/index.php?rest_route=\/wp\/v2\/posts"}],"about":[{"href":"https:\/\/www.radiochiloe.cl\/index.php?rest_route=\/wp\/v2\/types\/post"}],"author":[{"embeddable":true,"href":"https:\/\/www.radiochiloe.cl\/index.php?rest_route=\/wp\/v2\/users\/2"}],"replies":[{"embeddable":true,"href":"https:\/\/www.radiochiloe.cl\/index.php?rest_route=%2Fwp%2Fv2%2Fcomments&post=1459"}],"version-history":[{"count":2,"href":"https:\/\/www.radiochiloe.cl\/index.php?rest_route=\/wp\/v2\/posts\/1459\/revisions"}],"predecessor-version":[{"id":1462,"href":"https:\/\/www.radiochiloe.cl\/index.php?rest_route=\/wp\/v2\/posts\/1459\/revisions\/1462"}],"wp:featuredmedia":[{"embeddable":true,"href":"https:\/\/www.radiochiloe.cl\/index.php?rest_route=\/wp\/v2\/media\/1460"}],"wp:attachment":[{"href":"https:\/\/www.radiochiloe.cl\/index.php?rest_route=%2Fwp%2Fv2%2Fmedia&parent=1459"}],"wp:term":[{"taxonomy":"category","embeddable":true,"href":"https:\/\/www.radiochiloe.cl\/index.php?rest_route=%2Fwp%2Fv2%2Fcategories&post=1459"},{"taxonomy":"post_tag","embeddable":true,"href":"https:\/\/www.radiochiloe.cl\/index.php?rest_route=%2Fwp%2Fv2%2Ftags&post=1459"}],"curies":[{"name":"wp","href":"https:\/\/api.w.org\/{rel}","templated":true}]}}