{"id":1463,"date":"2012-06-20T15:52:36","date_gmt":"2012-06-20T19:52:36","guid":{"rendered":"http:\/\/www.radiochiloe.cl\/?p=1463"},"modified":"2012-06-20T15:52:36","modified_gmt":"2012-06-20T19:52:36","slug":"diputado-santana-participo-de-la-promulgacion-de-la-ley-contra-el-abigeato-y-sus-derivaciones","status":"publish","type":"post","link":"https:\/\/www.radiochiloe.cl\/?p=1463","title":{"rendered":"Diputado Santana particip\u00f3 de la promulgaci\u00f3n de la ley contra el abigeato y sus derivaciones"},"content":{"rendered":"<p style=\"text-align: justify;\">El diputado por Chilo\u00e9 y Palena, Alejandro Santana, particip\u00f3 este lunes en la promulgaci\u00f3n de la ley que mejora la fiscalizaci\u00f3n en torno al robo de animales.<\/p>\n<p style=\"text-align: justify;\">En la ocasi\u00f3n el parlamentario manifest\u00f3 su satisfacci\u00f3n por la \u00e1gil tramitaci\u00f3n del proyecto. \u201cEstamos muy contentos con la pronta promulgaci\u00f3n de esta ley que nos permitir\u00e1 combatir con mayor velocidad la cadena comercial il\u00edcita que se desarrolla en torno al robo de animales y revertir el actual escenario de impunidad en torno a este delito\u201d.<\/p>\n<p style=\"text-align: justify;\">Tras esto, explic\u00f3 los alcances de la iniciativa, se\u00f1alando que \u201cotorga m\u00e1s y mejores facultades fiscalizadoras al Servicio Agr\u00edcola y Ganadero (SAG), con el fin de fortalecer su rol preventivo en torno al robo de animales, como por ejemplo, realizar mejores controles en el transporte de los animales y endurecer las sanciones pecuniarias a quienes sean sorprendidos con animales robados.\u201d<\/p>\n<p style=\"text-align: justify;\">Santana agreg\u00f3 que \u201cadem\u00e1s se establece la clausura de los establecimientos que a sabiendas procesen, reciban o comercialicen animales objeto de abigeato\u201d.<\/p>\n<p style=\"text-align: justify;\">Otro punto importante es el cambio de la Gu\u00eda de Libre Tr\u00e1nsito, documento que permite realizar el transporte de ganado, por el Formulario de Movimiento Animal, y que busca optimizar el seguimiento del ganado.<\/p>\n<p style=\"text-align: justify;\">\u201cAs\u00ed, el SAG estar\u00e1 en condiciones de fiscalizar que todos quienes posean animales, ya sea en ferias, mataderos o medios de transporte, lo hagan en forma legal\u201d, indic\u00f3 al respecto el legislador.<\/p>\n<p style=\"text-align: justify;\">El diputado Santana se\u00f1al\u00f3 que \u201cdurante la \u00faltima d\u00e9cada las denuncias por abigeato en Chile casi se triplicaron. Seg\u00fan registros de Carabineros de Chile, en nuestro pa\u00eds se roban casi 14 mil cabezas de ganado al a\u00f1o y, en promedio, s\u00f3lo se logra detener a poco m\u00e1s de 500 personas, de las cuales s\u00f3lo un 3% recibe una condena definitiva.\u201d<\/p>\n<p style=\"text-align: justify;\">Por \u00faltimo dijo no tener ninguna duda de que \u201cesta nueva ley ser\u00e1 una importante herramienta que permitir\u00e1 disminuir la ocurrencia de estos delitos.\u201d<\/p>\n<p style=\"text-align: justify;\">Departamento de Prensa<\/p>\n","protected":false},"excerpt":{"rendered":"<p>El diputado por Chilo\u00e9 y Palena, Alejandro Santana, particip\u00f3 este lunes en la promulgaci\u00f3n de la ley que mejora la fiscalizaci\u00f3n en torno al robo de animales. En la ocasi\u00f3n el parlamentario manifest\u00f3 su satisfacci\u00f3n por la \u00e1gil tramitaci\u00f3n del proyecto. \u201cEstamos muy contentos con la pronta promulgaci\u00f3n de esta ley que nos permitir\u00e1 combatir [&hellip;]<\/p>\n","protected":false},"author":2,"featured_media":1464,"comment_status":"open","ping_status":"open","sticky":false,"template":"","format":"standard","meta":[],"categories":[3],"tags":[5],"jetpack_featured_media_url":"https:\/\/www.radiochiloe.cl\/wp-content\/uploads\/2012\/06\/diputadosantana.jpg","_links":{"self":[{"href":"https:\/\/www.radiochiloe.cl\/index.php?rest_route=\/wp\/v2\/posts\/1463"}],"collection":[{"href":"https:\/\/www.radiochiloe.cl\/index.php?rest_route=\/wp\/v2\/posts"}],"about":[{"href":"https:\/\/www.radiochiloe.cl\/index.php?rest_route=\/wp\/v2\/types\/post"}],"author":[{"embeddable":true,"href":"https:\/\/www.radiochiloe.cl\/index.php?rest_route=\/wp\/v2\/users\/2"}],"replies":[{"embeddable":true,"href":"https:\/\/www.radiochiloe.cl\/index.php?rest_route=%2Fwp%2Fv2%2Fcomments&post=1463"}],"version-history":[{"count":2,"href":"https:\/\/www.radiochiloe.cl\/index.php?rest_route=\/wp\/v2\/posts\/1463\/revisions"}],"predecessor-version":[{"id":1466,"href":"https:\/\/www.radiochiloe.cl\/index.php?rest_route=\/wp\/v2\/posts\/1463\/revisions\/1466"}],"wp:featuredmedia":[{"embeddable":true,"href":"https:\/\/www.radiochiloe.cl\/index.php?rest_route=\/wp\/v2\/media\/1464"}],"wp:attachment":[{"href":"https:\/\/www.radiochiloe.cl\/index.php?rest_route=%2Fwp%2Fv2%2Fmedia&parent=1463"}],"wp:term":[{"taxonomy":"category","embeddable":true,"href":"https:\/\/www.radiochiloe.cl\/index.php?rest_route=%2Fwp%2Fv2%2Fcategories&post=1463"},{"taxonomy":"post_tag","embeddable":true,"href":"https:\/\/www.radiochiloe.cl\/index.php?rest_route=%2Fwp%2Fv2%2Ftags&post=1463"}],"curies":[{"name":"wp","href":"https:\/\/api.w.org\/{rel}","templated":true}]}}