{"id":1467,"date":"2012-06-20T15:56:45","date_gmt":"2012-06-20T19:56:45","guid":{"rendered":"http:\/\/www.radiochiloe.cl\/?p=1467"},"modified":"2012-06-20T15:56:45","modified_gmt":"2012-06-20T19:56:45","slug":"patricio-leiva-deja-presidencia-de-amichile","status":"publish","type":"post","link":"https:\/\/www.radiochiloe.cl\/?p=1467","title":{"rendered":"Patricio Leiva deja presidencia de AMICHILE"},"content":{"rendered":"<p style=\"text-align: justify;\">Desde el gremio valoraron los relevantes avances alcanzados por el organismo estos \u00faltimos a\u00f1os. Y es que AMICHILE actualmente es integrada por toda la cadena del valor de la industria y mantiene la activa representaci\u00f3n del sector en diversas instancias de participaci\u00f3n p\u00fablico- privada.<\/p>\n<p style=\"text-align: justify;\">Una nueva asamblea de miembros de la Asociaci\u00f3n de Mitilicultores de Chile, AMICHILE, celebrada el pasado jueves 14 de junio en Castro, Chilo\u00e9, fue la oportunidad para despedir al presidente saliente del gremio acu\u00edcola, Patricio Leiva Aldana (Blumar), quien fuera nombrado Socio Honorario, en reconocimiento a su gesti\u00f3n realizada desde noviembre de 2006 hasta la fecha.<\/p>\n<p style=\"text-align: justify;\">En su reemplazo asumi\u00f3 el representante de SudMaris Chile S.A, Rodrigo Rosales Carre\u00f1o, quien fue parte del directorio de AMICHILE durante los \u00faltimos 2 a\u00f1os. En su lugar qued\u00f3 Gonzalo Fern\u00e1ndez de Orizon, mientras que como directores suplentes se desempe\u00f1ar\u00e1n F\u00e9lix Howard de Apiao S.A. y Patricio Fr\u00edas de Mejillones Am\u00e9rica.<\/p>\n<p style=\"text-align: justify;\">As\u00ed lo confirm\u00f3 la gerente de AMICHILE, Yohana Gonz\u00e1lez, quien destac\u00f3 la importante gesti\u00f3n liderada por Leiva, en cuanto a la profesionalizaci\u00f3n y representatividad del gremio que hoy integra toda la cadena del valor de la industria productora de mejillones chilenos: plantas exportadoras y procesadoras, productores medianos y peque\u00f1os, semilleros, laboratorios, empresas de servicios, y centros de investigaci\u00f3n.<\/p>\n<p style=\"text-align: justify;\">Asimismo, enfatiz\u00f3 el trabajo realizado en los diversos \u00e1mbitos de acci\u00f3n establecidos estrat\u00e9gicamente y que se centraron en las personas, la capacitaci\u00f3n, el conocimiento y mercados, desarrollando variadas iniciativas destinadas a mejorar el acceso y la calidad del empleo de la industria por medio de la capacitaci\u00f3n y generaci\u00f3n de mano de obra calificada, a promover el desarrollo, modernizaci\u00f3n y aumento de la competitividad de la industria y sus trabajadores, la inclusi\u00f3n y representaci\u00f3n del sector en diversas instancias de participaci\u00f3n p\u00fablico- privada, la conformaci\u00f3n de la Agencia Privada de Intermediaci\u00f3n Sectorial, APIL AMICHILE, la ejecuci\u00f3n del exitoso proyecto de Marcas Sectoriales en Rusia, la formulaci\u00f3n de un proyecto de Marcas Sectoriales para abrir y potenciar mercado en otro destino, y la reciente incorporaci\u00f3n de 10 nuevos socios, entre los que se cuentan 3 importantes plantas procesadoras y 7 medianos y peque\u00f1os productores de materia prima .<\/p>\n<p style=\"text-align: justify;\">Patricio Leiva agradeci\u00f3 el constante apoyo, compa\u00f1erismo y confianza brindada por los socios durante 4 a\u00f1os en que se mantuvo a la cabeza de AMICHILE. \u201cSin duda fue un tiempo de crecimiento, donde logramos posicionar nuestro gremio como un organismo serio y representativo de la industria de los mit\u00edlidos, capaz de velar por los intereses del sector, sus trabajadores y as\u00ed tambi\u00e9n, contribuyendo al desarrollo del sur de Chile\u201d, puntualiz\u00f3.<\/p>\n<p style=\"text-align: justify;\">Departamento de Prensa<\/p>\n","protected":false},"excerpt":{"rendered":"<p>Desde el gremio valoraron los relevantes avances alcanzados por el organismo estos \u00faltimos a\u00f1os. Y es que AMICHILE actualmente es integrada por toda la cadena del valor de la industria y mantiene la activa representaci\u00f3n del sector en diversas instancias de participaci\u00f3n p\u00fablico- privada. Una nueva asamblea de miembros de la Asociaci\u00f3n de Mitilicultores de [&hellip;]<\/p>\n","protected":false},"author":2,"featured_media":1468,"comment_status":"open","ping_status":"open","sticky":false,"template":"","format":"standard","meta":[],"categories":[3],"tags":[5],"jetpack_featured_media_url":"https:\/\/www.radiochiloe.cl\/wp-content\/uploads\/2012\/06\/patricioleiva.jpg","_links":{"self":[{"href":"https:\/\/www.radiochiloe.cl\/index.php?rest_route=\/wp\/v2\/posts\/1467"}],"collection":[{"href":"https:\/\/www.radiochiloe.cl\/index.php?rest_route=\/wp\/v2\/posts"}],"about":[{"href":"https:\/\/www.radiochiloe.cl\/index.php?rest_route=\/wp\/v2\/types\/post"}],"author":[{"embeddable":true,"href":"https:\/\/www.radiochiloe.cl\/index.php?rest_route=\/wp\/v2\/users\/2"}],"replies":[{"embeddable":true,"href":"https:\/\/www.radiochiloe.cl\/index.php?rest_route=%2Fwp%2Fv2%2Fcomments&post=1467"}],"version-history":[{"count":2,"href":"https:\/\/www.radiochiloe.cl\/index.php?rest_route=\/wp\/v2\/posts\/1467\/revisions"}],"predecessor-version":[{"id":1470,"href":"https:\/\/www.radiochiloe.cl\/index.php?rest_route=\/wp\/v2\/posts\/1467\/revisions\/1470"}],"wp:featuredmedia":[{"embeddable":true,"href":"https:\/\/www.radiochiloe.cl\/index.php?rest_route=\/wp\/v2\/media\/1468"}],"wp:attachment":[{"href":"https:\/\/www.radiochiloe.cl\/index.php?rest_route=%2Fwp%2Fv2%2Fmedia&parent=1467"}],"wp:term":[{"taxonomy":"category","embeddable":true,"href":"https:\/\/www.radiochiloe.cl\/index.php?rest_route=%2Fwp%2Fv2%2Fcategories&post=1467"},{"taxonomy":"post_tag","embeddable":true,"href":"https:\/\/www.radiochiloe.cl\/index.php?rest_route=%2Fwp%2Fv2%2Ftags&post=1467"}],"curies":[{"name":"wp","href":"https:\/\/api.w.org\/{rel}","templated":true}]}}