{"id":1472,"date":"2012-06-20T16:02:23","date_gmt":"2012-06-20T20:02:23","guid":{"rendered":"http:\/\/www.radiochiloe.cl\/?p=1472"},"modified":"2012-06-20T16:02:23","modified_gmt":"2012-06-20T20:02:23","slug":"57-organizaciones-vecinales-fueron-favorecidas-con-el-fondeve-en-castro","status":"publish","type":"post","link":"https:\/\/www.radiochiloe.cl\/?p=1472","title":{"rendered":"57 organizaciones vecinales fueron favorecidas con el FONDEVE en Castro"},"content":{"rendered":"<p style=\"text-align: justify;\">Ayer por la tarde en la sala de sesiones de la municipalidad de Castro se llevo a cabo el proceso de aprobaci\u00f3n de proyectos presentados al Fondo de Desarrollo Vecinal FONDEVE a\u00f1o 2012, donde 57 organizaciones fueron finalmente favorecidas un\u00e1nimemente por todo el Concejo Municipal encabezado por el alcalde Nelson \u00c1guila.<\/p>\n<p style=\"text-align: justify;\">El concejal Fernando B\u00f3rquez se\u00f1al\u00f3 que gracias a una propuesta lanzada a la mesa del concejo se pudo discutir el aumento de este beneficio que llega en buen momento para todas las organizaciones vecinales \u201clanzamos una propuesta interesante y creo que esto ayudara a todas las organizaciones para seguir adelante. Espero que pr\u00f3ximamente todos los clubes deportivos y entidades de este \u00e1mbito postulen al Fondo del Deporte\u201d apunt\u00f3.<\/p>\n<p style=\"text-align: justify;\">En tanto Marcos Olivares tambi\u00e9n detall\u00f3 que este a\u00f1o se aumento dicho monto para que las 57 organizaciones que presentaron proyectos sean beneficiadas y nadie se quede sin recursos, para seguir avanzando en pos de mejorar la calidad de vida de los habitantes del mundo rural y urbano de la comuna de Castro \u201cson las organizaciones que d\u00eda a d\u00eda se esfuerzan para seguir trabajando con las bases. Esta aprobaci\u00f3n de recursos servir\u00e1 para cada organizaci\u00f3n se pueda continuar implementando adecuadamente, como ha sido en a\u00f1os anteriores\u201d expres\u00f3.<\/p>\n<p style=\"text-align: justify;\">Finalmente el concejal Juan Eduardo Vera concord\u00f3 con lo expuesto anteriormente por sus colegas concejales que equitativamente entregaron estos recursos, no solo para el mundo urbano, sino para las organizaciones vecinales de Quehui y Chel\u00edn, a quienes se les hace mucho m\u00e1s dif\u00edcil el trabajo en sus comunidades \u201cestamos felices porque no solo las organizaciones del sector urbanos fueron beneficiadas, sino que tambi\u00e9n las juntas de vecinos que existen en las islas Quehui y Chel\u00edn, las que con este recurso continuaran avanzando con sus comunidades en pos de mejorar su calidad de vida\u201d dijo.<\/p>\n<p style=\"text-align: justify;\">Cabe mencionar que este a\u00f1o en comparaci\u00f3n al anterior, el Fondo Desarrollo Vecinal aument\u00f3 significativamente en 27 millones de pesos, gracias a una modificaci\u00f3n presupuestaria que fue aprobada por todo el cuerpo colegiado y por el alcalde, quienes manifestaron a trav\u00e9s de esta aprobaci\u00f3n su compromiso con las organizaciones vecinales.<\/p>\n<p style=\"text-align: justify;\">En el mismo contexto de la noticia, sin lugar a dudas este beneficio que se entreg\u00f3 a las 57 organizaciones vecinales por parte del municipio castre\u00f1o, dej\u00f3 muy contentos a todos, en especial a los dirigentes de cada instituci\u00f3n, quienes tambi\u00e9n entregaron sus impresiones con respecto a esta entrega de recursos.<\/p>\n<p style=\"text-align: justify;\">Claudia Mesa dirigenta de la poblaci\u00f3n Arturo Prat 1 manifest\u00f3 su satisfacci\u00f3n ante esta decisi\u00f3n del concejo municipal de aumentar el presupuesto para entregar a todas las organizaciones lo que hab\u00edan solicitado \u201cestoy feliz, porque el concejo y el alcalde aprobaron m\u00e1s recursos que todas las organizaciones esperan cada a\u00f1o\u201d se\u00f1al\u00f3.<\/p>\n<p style=\"text-align: justify;\">Marta Vargas presidenta de la Uni\u00f3n Comunal de juntas de vecinos Esteban Antigual se\u00f1al\u00f3 que estos recursos son absolutamente necesarios para que los dirigentes sigan trabajando en pos de la uni\u00f3n de la comunidades y de implementar las juntas de vecinos \u201cla verdad que este aumento significa mucho para las juntas de vecinos que d\u00eda a d\u00eda se sacrifican para seguir manteni\u00e9ndose, es un beneficio absolutamente necesario para seguir trabajando codo a codo con nuestras comunidades, agradecemos infinitamente el gesto\u201d puntualiz\u00f3.<\/p>\n<p style=\"text-align: justify;\">Adem\u00e1s Carmen Anti\u00f1anco presidenta de la Junta de Vecinos Camilo Henr\u00edquez expres\u00f3 que en esta oportunidad present\u00f3 un proyecto que consiste en implementar de un computador y una impresora, lo que mejorar\u00e1 el trabajo de los dirigentes, quienes constantemente est\u00e1n confeccionando documentos de forma manuscrita y ahora todo se facilita con esta futura incorporaci\u00f3n tecnol\u00f3gica \u201ceste beneficio nos ayudara a implementar tecnolog\u00eda que permitir\u00e1 seguir avanzando acorde a estos tiempos, porque un computador y una impresora ser\u00e1n un aporte muy \u00fatil para los dirigentes y para todos los vecinos del sector\u201d se\u00f1al\u00f3<\/p>\n<p style=\"text-align: justify;\">Cabe mencionar que estos recursos ser\u00e1n traspasados a las organizaciones vecinales favorecidas una vez que se realice la modificaci\u00f3n presupuestaria, que fue votada a favor por todos los concejales y el alcalde, quienes expresaron finalmente su inter\u00e9s de que cada una de las juntas de vecinos sigan postulando a\u00f1o a a\u00f1o a este Fondo de Desarrollo Vecinal, que beneficio este a\u00f1o a 57 organizaciones urbanas y rulares de la comuna de Castro.<\/p>\n<p style=\"text-align: justify;\">Departamento de Prensa<\/p>\n","protected":false},"excerpt":{"rendered":"<p>Ayer por la tarde en la sala de sesiones de la municipalidad de Castro se llevo a cabo el proceso de aprobaci\u00f3n de proyectos presentados al Fondo de Desarrollo Vecinal FONDEVE a\u00f1o 2012, donde 57 organizaciones fueron finalmente favorecidas un\u00e1nimemente por todo el Concejo Municipal encabezado por el alcalde Nelson \u00c1guila. El concejal Fernando B\u00f3rquez [&hellip;]<\/p>\n","protected":false},"author":2,"featured_media":1473,"comment_status":"open","ping_status":"open","sticky":false,"template":"","format":"standard","meta":[],"categories":[3],"tags":[5],"jetpack_featured_media_url":"https:\/\/www.radiochiloe.cl\/wp-content\/uploads\/2012\/06\/entregafondeve.jpg","_links":{"self":[{"href":"https:\/\/www.radiochiloe.cl\/index.php?rest_route=\/wp\/v2\/posts\/1472"}],"collection":[{"href":"https:\/\/www.radiochiloe.cl\/index.php?rest_route=\/wp\/v2\/posts"}],"about":[{"href":"https:\/\/www.radiochiloe.cl\/index.php?rest_route=\/wp\/v2\/types\/post"}],"author":[{"embeddable":true,"href":"https:\/\/www.radiochiloe.cl\/index.php?rest_route=\/wp\/v2\/users\/2"}],"replies":[{"embeddable":true,"href":"https:\/\/www.radiochiloe.cl\/index.php?rest_route=%2Fwp%2Fv2%2Fcomments&post=1472"}],"version-history":[{"count":2,"href":"https:\/\/www.radiochiloe.cl\/index.php?rest_route=\/wp\/v2\/posts\/1472\/revisions"}],"predecessor-version":[{"id":1475,"href":"https:\/\/www.radiochiloe.cl\/index.php?rest_route=\/wp\/v2\/posts\/1472\/revisions\/1475"}],"wp:featuredmedia":[{"embeddable":true,"href":"https:\/\/www.radiochiloe.cl\/index.php?rest_route=\/wp\/v2\/media\/1473"}],"wp:attachment":[{"href":"https:\/\/www.radiochiloe.cl\/index.php?rest_route=%2Fwp%2Fv2%2Fmedia&parent=1472"}],"wp:term":[{"taxonomy":"category","embeddable":true,"href":"https:\/\/www.radiochiloe.cl\/index.php?rest_route=%2Fwp%2Fv2%2Fcategories&post=1472"},{"taxonomy":"post_tag","embeddable":true,"href":"https:\/\/www.radiochiloe.cl\/index.php?rest_route=%2Fwp%2Fv2%2Ftags&post=1472"}],"curies":[{"name":"wp","href":"https:\/\/api.w.org\/{rel}","templated":true}]}}