{"id":1480,"date":"2012-06-20T19:24:24","date_gmt":"2012-06-20T23:24:24","guid":{"rendered":"http:\/\/www.radiochiloe.cl\/?p=1480"},"modified":"2012-06-20T19:24:24","modified_gmt":"2012-06-20T23:24:24","slug":"encuentran-el-cuerpo-sin-vida-de-pescador-desaparecido-en-quellon","status":"publish","type":"post","link":"https:\/\/www.radiochiloe.cl\/?p=1480","title":{"rendered":"Encuentran el cuerpo sin vida de pescador desaparecido en Quell\u00f3n"},"content":{"rendered":"<p style=\"text-align: justify;\">Durante la tarde de hoy en el sector de Ayantema, cerca de Caleta In\u00edo, comuna de Quell\u00f3n un pescador de la zona encontr\u00f3 a orillas de la playa, el cuerpo sin vida de Juan Piucol Mansilla (46), quien desapareci\u00f3 el pasado 6 de junio, mientras se preparaba para la b\u00fasqueda de los dos pescadores que contin\u00faan desaparecidos en isla Guafo.<\/p>\n<p style=\"text-align: justify;\">Denise Alvarado presidenta de Codamar ratific\u00f3 la informaci\u00f3n y coment\u00f3 que \u201cluego de encontrar el cuerpo, el pescador se comunic\u00f3 de inmediato con la capitan\u00eda de puerto de Quell\u00f3n, quienes iniciaron todo el tramite administrativo de rigor para enviar el helic\u00f3ptero de la instituci\u00f3n hasta la zona y as\u00ed trasladar el cuerpo de Juan Piucol hasta el aer\u00f3dromo de la ciudad\u201d se\u00f1al\u00f3.<\/p>\n<p style=\"text-align: justify;\">La dirigenta agreg\u00f3 que \u201cposteriormente se cito a las tres familias de los pescadores desaparecidos para identificar el cuerpo encontrado, pero fue el propio hijo de Piucol Mansilla quien reconoci\u00f3 inmediatamente a su padre. Luego el cuerpo del pescador, que estaba 12 d\u00edas desaparecido, fue trasladado hasta el Servicio M\u00e9dico Legal de Ancud por orden del fiscal de turno, quien instruy\u00f3 su autopsia de rigor\u201d manifest\u00f3 Denise Alvarado.<\/p>\n<p style=\"text-align: justify;\">Denise Alvarado aprovech\u00f3 la ocasi\u00f3n para reiterar el llamado a las autoridades para que se agilice un tema pendiente en la provincia, que es el funcionamiento de la unidad tanatolog\u00eda en Castro, el cual seg\u00fan la dirigenta, es una necesidad imperiosa, producto que las familias, en el caso de los pescadores y de otros casos ocurridos en Quell\u00f3n, tienen que esperar el traslado hasta la comuna de Ancud para la autopsia \u201cen conversaciones con el subsecretario ministerial de la Salud, nos se\u00f1al\u00f3 que se est\u00e1n realizando todas las gestiones para el funcionamiento de esta unidad, pero la verdad es que ojala no se demore m\u00e1s de la cuenta, ya que muchas personas a veces tienen que esperar largas horas y d\u00edas en muchas oportunidades para la entrega de los cuerpos de sus familiares fallecidos\u201d enfatiz\u00f3.<\/p>\n<p style=\"text-align: justify;\">Cabe mencionar que el cuerpo sin vida de Juan Piucol Mansilla, de 46 a\u00f1os, llegar\u00eda hasta la comuna de Quell\u00f3n cerca de la 14 horas de ma\u00f1ana, seg\u00fan la informaci\u00f3n que proporcion\u00f3 a Radio Chilo\u00e9, Denise Alvarado presidenta de Codamar.<\/p>\n<p style=\"text-align: justify;\">Departamento de Prensa<\/p>\n","protected":false},"excerpt":{"rendered":"<p>Durante la tarde de hoy en el sector de Ayantema, cerca de Caleta In\u00edo, comuna de Quell\u00f3n un pescador de la zona encontr\u00f3 a orillas de la playa, el cuerpo sin vida de Juan Piucol Mansilla (46), quien desapareci\u00f3 el pasado 6 de junio, mientras se preparaba para la b\u00fasqueda de los dos pescadores que [&hellip;]<\/p>\n","protected":false},"author":2,"featured_media":1481,"comment_status":"open","ping_status":"open","sticky":false,"template":"","format":"standard","meta":[],"categories":[3],"tags":[5],"jetpack_featured_media_url":"https:\/\/www.radiochiloe.cl\/wp-content\/uploads\/2012\/06\/rescatepescador1.jpg","_links":{"self":[{"href":"https:\/\/www.radiochiloe.cl\/index.php?rest_route=\/wp\/v2\/posts\/1480"}],"collection":[{"href":"https:\/\/www.radiochiloe.cl\/index.php?rest_route=\/wp\/v2\/posts"}],"about":[{"href":"https:\/\/www.radiochiloe.cl\/index.php?rest_route=\/wp\/v2\/types\/post"}],"author":[{"embeddable":true,"href":"https:\/\/www.radiochiloe.cl\/index.php?rest_route=\/wp\/v2\/users\/2"}],"replies":[{"embeddable":true,"href":"https:\/\/www.radiochiloe.cl\/index.php?rest_route=%2Fwp%2Fv2%2Fcomments&post=1480"}],"version-history":[{"count":3,"href":"https:\/\/www.radiochiloe.cl\/index.php?rest_route=\/wp\/v2\/posts\/1480\/revisions"}],"predecessor-version":[{"id":1484,"href":"https:\/\/www.radiochiloe.cl\/index.php?rest_route=\/wp\/v2\/posts\/1480\/revisions\/1484"}],"wp:featuredmedia":[{"embeddable":true,"href":"https:\/\/www.radiochiloe.cl\/index.php?rest_route=\/wp\/v2\/media\/1481"}],"wp:attachment":[{"href":"https:\/\/www.radiochiloe.cl\/index.php?rest_route=%2Fwp%2Fv2%2Fmedia&parent=1480"}],"wp:term":[{"taxonomy":"category","embeddable":true,"href":"https:\/\/www.radiochiloe.cl\/index.php?rest_route=%2Fwp%2Fv2%2Fcategories&post=1480"},{"taxonomy":"post_tag","embeddable":true,"href":"https:\/\/www.radiochiloe.cl\/index.php?rest_route=%2Fwp%2Fv2%2Ftags&post=1480"}],"curies":[{"name":"wp","href":"https:\/\/api.w.org\/{rel}","templated":true}]}}