{"id":1640,"date":"2012-06-22T08:30:50","date_gmt":"2012-06-22T12:30:50","guid":{"rendered":"http:\/\/www.radiochiloe.cl\/?p=1640"},"modified":"2012-06-21T18:32:04","modified_gmt":"2012-06-21T22:32:04","slug":"escalona-sostuvo-reunion-con-ministro-de-transportes-y-alcaldes-de-chiloe-para-abordar-problema-de-conectividad","status":"publish","type":"post","link":"https:\/\/www.radiochiloe.cl\/?p=1640","title":{"rendered":"Escalona sostuvo reuni\u00f3n con Ministro de Transportes y alcaldes de Chilo\u00e9 para abordar problema de conectividad"},"content":{"rendered":"<p style=\"text-align: justify;\">El Presidente del Senado, Senador por la Regi\u00f3n de Los Lagos, Camilo Escalona, gestion\u00f3 una reuni\u00f3n con el ministro de Transportes Pedro Pablo Err\u00e1zuriz, junto a los alcaldes Alfredo Hurtado de Dalcahue; Lu\u00eds Curumilla de Curaco de V\u00e9lez; el alcalde Carlos G\u00f3mez de la comuna de Queilen y el consejero regional Mauricio Henr\u00edquez, con el prop\u00f3sito de plantear a la autoridad un subsidio al trasporte p\u00fablico de pasajeros ante el aumento en la tarifa del cruce del canal Dalcahue, y en que adem\u00e1s se plante\u00f3 la necesidad de un financiamiento al transporte de pasajeros entre la isla Tranqui en Queilen.<\/p>\n<p style=\"text-align: justify;\">\u201cHemos sostenido una importante reuni\u00f3n con el ministro de Transportes, con la participaci\u00f3n de los alcaldes de Dalcahue, Curaco de V\u00e9lez y Queilen, para abordar temas relativos al financiamiento del transporte p\u00fablico de pasajeros. En primer lugar hablamos del traslado sobre el canal Dalcahue en transbordador, que se ha encarecido de una manera inaceptable; hay un solo armador que est\u00e1 prestando servicio y que pr\u00e1cticamente dobl\u00f3 el costo habitual\u201d, declar\u00f3.<\/p>\n<p style=\"text-align: justify;\">Escalona indic\u00f3 que \u201cen este caso los alcaldes Curumilla y Hurtado manifestaron al ministro su inquietud por el da\u00f1o que eso provoca en las actividades econ\u00f3micas y social de sus comunas. Ellos esperan que su propuesta y solicitud sea escuchada; el ministro manifest\u00f3 su comprensi\u00f3n y acuerdo con la necesidad que el Ministerio de Transportes colabore con el subsidio a la demanda, es decir con el adecuado financiamiento a los usuarios que hacen uso de ese medio de transporte y por tanto, qued\u00f3 a la espera que la ley actualmente en tr\u00e1mite en el Congreso le pueda facultar para hacer uso de los recursos respectivos\u201d.<\/p>\n<p style=\"text-align: justify;\">Sobre el traslado desde isla Tranqui a Queilen, el senador explic\u00f3 que el alcalde G\u00f3mez manifest\u00f3 que el transporte en lancha \u201cha tenido un \u00e9xito muy importante y ahora hay una demanda mayor. Se necesita mejorar los subsidios que se han entregado, lo que permite que el transporte aspire a contar con un medio de mayor capacidad, a trav\u00e9s del financiamiento respectivo, dado que ha quedado completamente superada la actual capacidad del transporte desde Tranqui a Queilen\u201d, explic\u00f3.<\/p>\n<p style=\"text-align: justify;\">\u201cTambi\u00e9n en este caso el ministro ha manifestado su entera comprensi\u00f3n respecto de la necesidad de incrementar recursos y facilitar el aumento de las familias que se trasladan\u201d, dijo.<\/p>\n<p style=\"text-align: justify;\">El presidente del Senado Camilo Escalona se\u00f1al\u00f3 que \u201chemos manifestado al ministro la necesidad de incrementar los recursos en el Presupuesto 2013 para el traslado de escolares, tanto estudiantes de ense\u00f1anza b\u00e1sica como estudiantes de ense\u00f1anza media, en una cantidad que permita incrementar considerablemente el aporte que se hace a las familias para que los estudiantes de islas y lugares aparatados, tengan la posibilidad de visitar a sus familias y no perder un aspecto importante como es la comunicaci\u00f3n del grupo familiar, cuando los estudiantes se encuentran en los diferentes internados y establecimientos educacionales\u201d.<\/p>\n<p style=\"text-align: justify;\">El senador por la Regi\u00f3n Camilo Escalona manifest\u00f3 que \u201cen este caso el ministro espera que el aumento de recursos por ley le permita una mayor contribuci\u00f3n a su ministerio, y en esta l\u00ednea tenemos que reconocer su comprensi\u00f3n y disposici\u00f3n, naturalmente que a la espera de una confirmaci\u00f3n cuando los recursos sean entregados en la ley, que esperamos ocurra pr\u00f3ximamente, para crear las condiciones con que las personas sean directamente beneficiadas y en consecuencia mejoren sus condiciones de conectividad, ayudando directamente a las familias\u201d.<\/p>\n<p style=\"text-align: justify;\">Departamento de Prensa<\/p>\n","protected":false},"excerpt":{"rendered":"<p>El Presidente del Senado, Senador por la Regi\u00f3n de Los Lagos, Camilo Escalona, gestion\u00f3 una reuni\u00f3n con el ministro de Transportes Pedro Pablo Err\u00e1zuriz, junto a los alcaldes Alfredo Hurtado de Dalcahue; Lu\u00eds Curumilla de Curaco de V\u00e9lez; el alcalde Carlos G\u00f3mez de la comuna de Queilen y el consejero regional Mauricio Henr\u00edquez, con el [&hellip;]<\/p>\n","protected":false},"author":2,"featured_media":1641,"comment_status":"open","ping_status":"open","sticky":false,"template":"","format":"standard","meta":[],"categories":[3],"tags":[5],"jetpack_featured_media_url":"https:\/\/www.radiochiloe.cl\/wp-content\/uploads\/2012\/06\/reunionescalona.jpg","_links":{"self":[{"href":"https:\/\/www.radiochiloe.cl\/index.php?rest_route=\/wp\/v2\/posts\/1640"}],"collection":[{"href":"https:\/\/www.radiochiloe.cl\/index.php?rest_route=\/wp\/v2\/posts"}],"about":[{"href":"https:\/\/www.radiochiloe.cl\/index.php?rest_route=\/wp\/v2\/types\/post"}],"author":[{"embeddable":true,"href":"https:\/\/www.radiochiloe.cl\/index.php?rest_route=\/wp\/v2\/users\/2"}],"replies":[{"embeddable":true,"href":"https:\/\/www.radiochiloe.cl\/index.php?rest_route=%2Fwp%2Fv2%2Fcomments&post=1640"}],"version-history":[{"count":2,"href":"https:\/\/www.radiochiloe.cl\/index.php?rest_route=\/wp\/v2\/posts\/1640\/revisions"}],"predecessor-version":[{"id":1643,"href":"https:\/\/www.radiochiloe.cl\/index.php?rest_route=\/wp\/v2\/posts\/1640\/revisions\/1643"}],"wp:featuredmedia":[{"embeddable":true,"href":"https:\/\/www.radiochiloe.cl\/index.php?rest_route=\/wp\/v2\/media\/1641"}],"wp:attachment":[{"href":"https:\/\/www.radiochiloe.cl\/index.php?rest_route=%2Fwp%2Fv2%2Fmedia&parent=1640"}],"wp:term":[{"taxonomy":"category","embeddable":true,"href":"https:\/\/www.radiochiloe.cl\/index.php?rest_route=%2Fwp%2Fv2%2Fcategories&post=1640"},{"taxonomy":"post_tag","embeddable":true,"href":"https:\/\/www.radiochiloe.cl\/index.php?rest_route=%2Fwp%2Fv2%2Ftags&post=1640"}],"curies":[{"name":"wp","href":"https:\/\/api.w.org\/{rel}","templated":true}]}}