{"id":1653,"date":"2012-06-22T16:16:05","date_gmt":"2012-06-22T20:16:05","guid":{"rendered":"http:\/\/www.radiochiloe.cl\/?p=1653"},"modified":"2012-06-22T16:16:05","modified_gmt":"2012-06-22T20:16:05","slug":"se-entrego-al-serviu-catastro-final-de-los-palafitos-que-se-encuentran-en-el-borde-costero-de-la-comuna-de-castro","status":"publish","type":"post","link":"https:\/\/www.radiochiloe.cl\/?p=1653","title":{"rendered":"Se entreg\u00f3 al Serviu catastro final de los palafitos que se encuentran en el borde costero de la comuna de Castro"},"content":{"rendered":"<p style=\"text-align: justify;\">A su fase final lleg\u00f3 el catastro que desarroll\u00f3 el Serviu junto a la Gobernaci\u00f3n Provincial en relaci\u00f3n a las viviendas palafiticas que se encuentran en el borde costero de la ciudad de Castro.<\/p>\n<p style=\"text-align: justify;\">La iniciativa de llevar adelante este catastro, ha surgido en la idea es acceder a beneficios que permitan mejorar los palafitos, producto de conversaciones surgidas entre los dirigentes de los sectores y autoridades de Gobierno, incluyendo a tres Ministros de Estado.<\/p>\n<p style=\"text-align: justify;\">Fernando B\u00f3rquez, jefe de gabinete de la Gobernaci\u00f3n Provincial, record\u00f3 que este catastro apunta a saber cuando personas viven en estas viviendas y en que condiciones, entendiendo que muchos de estos inmuebles se encuentran en malas condiciones \u201ceste catastro es una verdadera radiograf\u00eda de la situaci\u00f3n actual de los palafitos. Estamos quemando etapas y lo primero era consultarle a la comunidad que vive en estas viviendas sus necesidades reales, para que despu\u00e9s nada quede fuera y podamos entregar una soluci\u00f3n sustancial a esta familias que por a\u00f1os han esperado que se le tome en cuenta\u201d expres\u00f3.<\/p>\n<p style=\"text-align: justify;\">Por su parte el concejal Juan Eduardo Vera, manifest\u00f3 sentirse muy satisfecho con el trabajo desarrollado, porque esta iniciativa es parte de una agenda corta que busca dar una soluci\u00f3n definitiva a las familias que viven en el borde costero de Castro \u201ceste fue un trabajo mancomunado entre los dirigentes y los estamentos p\u00fablicos que estuvieron insertos en este catastro, que ya se entreg\u00f3 al Serviu para que se realice el informe correspondiente\u201d se\u00f1al\u00f3.<\/p>\n<p style=\"text-align: justify;\">En tanto el delegado provincial del Serviu, Daniel Navarro, explic\u00f3 que este catastro, es un paso importante para ayudar a estas familias, aunque la soluci\u00f3n definitiva por el saneamiento de los t\u00edtulos de dominio donde se encuentran emplazado estas viviendas \u201cesta es la segunda parte de un proceso largo, nosotros comenzaremos de inmediato con el trabajo de un informe acabado de lo que se hizo, para entregarlo a los ministerios correspondientes, donde se analizara la soluci\u00f3n definitiva al tema palafitos\u201d puntualiz\u00f3.<\/p>\n<p style=\"text-align: justify;\">Cabe indicar que 79 viviendas en el sector de Pedro Montt 1, 33 en Pedro Montt 2, 17 en Pedro Aguirre Cerda y Lillo, 42 en calle Ernesto Riquelme y en el sector Matadero 26, lo que hace un total de 197 palafitos, fueron debidamente catastrados.<\/p>\n<p style=\"text-align: justify;\">Departamento de Prensa<\/p>\n","protected":false},"excerpt":{"rendered":"<p>A su fase final lleg\u00f3 el catastro que desarroll\u00f3 el Serviu junto a la Gobernaci\u00f3n Provincial en relaci\u00f3n a las viviendas palafiticas que se encuentran en el borde costero de la ciudad de Castro. La iniciativa de llevar adelante este catastro, ha surgido en la idea es acceder a beneficios que permitan mejorar los palafitos, [&hellip;]<\/p>\n","protected":false},"author":2,"featured_media":1654,"comment_status":"open","ping_status":"open","sticky":false,"template":"","format":"standard","meta":[],"categories":[3],"tags":[5],"jetpack_featured_media_url":"https:\/\/www.radiochiloe.cl\/wp-content\/uploads\/2012\/06\/entregacatastro.jpg","_links":{"self":[{"href":"https:\/\/www.radiochiloe.cl\/index.php?rest_route=\/wp\/v2\/posts\/1653"}],"collection":[{"href":"https:\/\/www.radiochiloe.cl\/index.php?rest_route=\/wp\/v2\/posts"}],"about":[{"href":"https:\/\/www.radiochiloe.cl\/index.php?rest_route=\/wp\/v2\/types\/post"}],"author":[{"embeddable":true,"href":"https:\/\/www.radiochiloe.cl\/index.php?rest_route=\/wp\/v2\/users\/2"}],"replies":[{"embeddable":true,"href":"https:\/\/www.radiochiloe.cl\/index.php?rest_route=%2Fwp%2Fv2%2Fcomments&post=1653"}],"version-history":[{"count":2,"href":"https:\/\/www.radiochiloe.cl\/index.php?rest_route=\/wp\/v2\/posts\/1653\/revisions"}],"predecessor-version":[{"id":1656,"href":"https:\/\/www.radiochiloe.cl\/index.php?rest_route=\/wp\/v2\/posts\/1653\/revisions\/1656"}],"wp:featuredmedia":[{"embeddable":true,"href":"https:\/\/www.radiochiloe.cl\/index.php?rest_route=\/wp\/v2\/media\/1654"}],"wp:attachment":[{"href":"https:\/\/www.radiochiloe.cl\/index.php?rest_route=%2Fwp%2Fv2%2Fmedia&parent=1653"}],"wp:term":[{"taxonomy":"category","embeddable":true,"href":"https:\/\/www.radiochiloe.cl\/index.php?rest_route=%2Fwp%2Fv2%2Fcategories&post=1653"},{"taxonomy":"post_tag","embeddable":true,"href":"https:\/\/www.radiochiloe.cl\/index.php?rest_route=%2Fwp%2Fv2%2Ftags&post=1653"}],"curies":[{"name":"wp","href":"https:\/\/api.w.org\/{rel}","templated":true}]}}