{"id":1657,"date":"2012-06-23T08:00:02","date_gmt":"2012-06-23T12:00:02","guid":{"rendered":"http:\/\/www.radiochiloe.cl\/?p=1657"},"modified":"2012-06-22T16:34:44","modified_gmt":"2012-06-22T20:34:44","slug":"fondo-esperanza-fe-inaugura-oficina-mas-austral-del-pais","status":"publish","type":"post","link":"https:\/\/www.radiochiloe.cl\/?p=1657","title":{"rendered":"Fondo Esperanza (FE) inaugura oficina m\u00e1s austral del pa\u00eds"},"content":{"rendered":"<p style=\"text-align: justify;\">En busca de ampliar las posibilidades de entregar apoyo a m\u00e1s personas de la regi\u00f3n de Los Lagos, Fondo Esperanza abre las puertas de su nueva oficina en Chilo\u00e9.<\/p>\n<p style=\"text-align: justify;\">La inauguraci\u00f3n de la oficina cont\u00f3 con la presencia Pilar Ega\u00f1a, Gerenta de Comunicaciones de Fondo Esperanza; Carolina Fontealba, Sub Gerenta Zona Sur Austral de Fondo Esperanza; autoridades de la zona, adem\u00e1s de emprendedores apoyados por FE de Castro. La inauguraci\u00f3n se llev\u00f3 a cabo el d\u00eda 22 de junio, a las 11.00 horas, en Galvarino Riveros #1336, Sector Alto<\/p>\n<p style=\"text-align: justify;\">Fondo Esperanza (FE) es una instituci\u00f3n sin fines de lucro con 10 a\u00f1os de trayectoria en el pa\u00eds, en los cuales ha dado cr\u00e9dito a sue\u00f1os reales a trav\u00e9s de una innovadora metodolog\u00eda, que consiste en la entrega de microcr\u00e9ditos, capacitaci\u00f3n y promoci\u00f3n de redes a personas en situaci\u00f3n vulnerable para mejorar la calidad de sus vidas y las de sus familias.<\/p>\n<p style=\"text-align: justify;\">FE actualmente apoya a 52.000 mil emprendedores, en un 87% mujeres \u2013denominadas \u201csocias\u201d- y est\u00e1 presente en 195 comunas atendidas desde 35 oficinas a lo largo del pa\u00eds. En Castro, Fondo Esperanza apoya a m\u00e1s de 600 emprendedoras y emprendedores.<\/p>\n<p style=\"text-align: justify;\">Para Carolina Fontealba la inauguraci\u00f3n de la oficina de Castro significa algo muy importante, \u201cExiste un tipo de exclusi\u00f3n en Chile que se produce debido a la lejan\u00eda de los polos urbanos, por lo que nuestra misi\u00f3n de llegar a sectores vulnerables en Castro cobra mucho sentido, sobre todo porque la caracter\u00edstica fundamental de nuestro servicio es la cercan\u00eda con nuestras\/os emprendedoras\/es, por lo cual esta inauguraci\u00f3n representa para FE un importante hito, ya que es la oficina m\u00e1s austral que tenemos\u201d.<\/p>\n<p style=\"text-align: justify;\">Para Patricia Llaip\u00e9n, emprendedora de FE en Castro, el paso que se da con esta inauguraci\u00f3n es muy valioso: \u201cEs un lugar bonito y acogedor, la oficina de Fondo Esperanza ser\u00e1 muy \u00fatil para nosotros, sobre todo, para quienes no cuentan con un espacio donde reunirse\u201d, coment\u00f3.<\/p>\n<p style=\"text-align: justify;\">Departamento de Prensa<\/p>\n","protected":false},"excerpt":{"rendered":"<p>En busca de ampliar las posibilidades de entregar apoyo a m\u00e1s personas de la regi\u00f3n de Los Lagos, Fondo Esperanza abre las puertas de su nueva oficina en Chilo\u00e9. La inauguraci\u00f3n de la oficina cont\u00f3 con la presencia Pilar Ega\u00f1a, Gerenta de Comunicaciones de Fondo Esperanza; Carolina Fontealba, Sub Gerenta Zona Sur Austral de Fondo [&hellip;]<\/p>\n","protected":false},"author":2,"featured_media":1658,"comment_status":"open","ping_status":"open","sticky":false,"template":"","format":"standard","meta":[],"categories":[3],"tags":[5],"jetpack_featured_media_url":"https:\/\/www.radiochiloe.cl\/wp-content\/uploads\/2012\/06\/fondoesperanza.jpg","_links":{"self":[{"href":"https:\/\/www.radiochiloe.cl\/index.php?rest_route=\/wp\/v2\/posts\/1657"}],"collection":[{"href":"https:\/\/www.radiochiloe.cl\/index.php?rest_route=\/wp\/v2\/posts"}],"about":[{"href":"https:\/\/www.radiochiloe.cl\/index.php?rest_route=\/wp\/v2\/types\/post"}],"author":[{"embeddable":true,"href":"https:\/\/www.radiochiloe.cl\/index.php?rest_route=\/wp\/v2\/users\/2"}],"replies":[{"embeddable":true,"href":"https:\/\/www.radiochiloe.cl\/index.php?rest_route=%2Fwp%2Fv2%2Fcomments&post=1657"}],"version-history":[{"count":2,"href":"https:\/\/www.radiochiloe.cl\/index.php?rest_route=\/wp\/v2\/posts\/1657\/revisions"}],"predecessor-version":[{"id":1660,"href":"https:\/\/www.radiochiloe.cl\/index.php?rest_route=\/wp\/v2\/posts\/1657\/revisions\/1660"}],"wp:featuredmedia":[{"embeddable":true,"href":"https:\/\/www.radiochiloe.cl\/index.php?rest_route=\/wp\/v2\/media\/1658"}],"wp:attachment":[{"href":"https:\/\/www.radiochiloe.cl\/index.php?rest_route=%2Fwp%2Fv2%2Fmedia&parent=1657"}],"wp:term":[{"taxonomy":"category","embeddable":true,"href":"https:\/\/www.radiochiloe.cl\/index.php?rest_route=%2Fwp%2Fv2%2Fcategories&post=1657"},{"taxonomy":"post_tag","embeddable":true,"href":"https:\/\/www.radiochiloe.cl\/index.php?rest_route=%2Fwp%2Fv2%2Ftags&post=1657"}],"curies":[{"name":"wp","href":"https:\/\/api.w.org\/{rel}","templated":true}]}}