{"id":1661,"date":"2012-06-23T09:00:40","date_gmt":"2012-06-23T13:00:40","guid":{"rendered":"http:\/\/www.radiochiloe.cl\/?p=1661"},"modified":"2012-06-22T17:11:40","modified_gmt":"2012-06-22T21:11:40","slug":"empormontt-regularia-rampas-en-canal-dalcahue","status":"publish","type":"post","link":"https:\/\/www.radiochiloe.cl\/?p=1661","title":{"rendered":"Empormontt regular\u00eda rampas en Canal Dalcahue"},"content":{"rendered":"<p style=\"text-align: justify;\">Una verdadera incertidumbre es la que viven por estos d\u00edas los habitantes de la comuna de Quinchao, por la regulaci\u00f3n del transbordo sobre el Canal Dalcahue, tema incluso que ha sido discutido recientemente entre los ediles de Curaco de V\u00e9lez y Quinchao con los personeros de gobierno, que siguen en busca de una soluci\u00f3n definitiva a este conflicto.<\/p>\n<p style=\"text-align: justify;\">Alex Winckler gerente general de la empresa Empormontt se\u00f1al\u00f3 que esta empresa siendo estatal, es la \u00fanica que esta facultada en esta zona para regular el uso de la rampas, lo que solucionar\u00eda en parte el problema que se produce en el Canal Dalcahue.<\/p>\n<p style=\"text-align: justify;\">\u201cNos interesa mucho aportar en el Canal Dalcahue con la experiencia que tenemos en Chacao. Estamos en conocimiento del conflicto que se gener\u00f3 hace un a\u00f1o atr\u00e1s, pero nos interesa sobre manera ser el estamento que regule el uso de las rampas para generar al menos las condiciones de competici\u00f3n\u201d.<\/p>\n<p style=\"text-align: justify;\">El representante de Empormontt agreg\u00f3 que hay muchos temas que se tienen que regular, principalmente en materia de seguridad, contingencia y horarios para que as\u00ed otra empresa pueda tener la confianza de operar en esta zona \u201cno podemos continuar con las condiciones actuales, lo que tenemos que hacer es planificar el uso de la rampas y de sus condicionantes, para que las empresas operen entregando un buen servicio a la comunidad\u201d expres\u00f3.<\/p>\n<p style=\"text-align: justify;\">Cabe mencionar que recientemente se discuti\u00f3 varios puntos y se quiere implementar condiciones extraordinarias como por ejemplo la empresa naviera deber\u00e1 contar con 4 embarcaciones en operaci\u00f3n y durante el resto del a\u00f1o deber\u00e1 mantener 3.<\/p>\n<p style=\"text-align: justify;\">En horario nocturno (01:00 a 06:00 AM) la empresa naviera deber\u00e1 mantener una embarcaci\u00f3n disponible de guardia. La naviera deber\u00e1 exhibir p\u00fablicamente sus tarifas y no podr\u00e1 cobrar precios superiores a los indicados. No podr\u00e1n existir discriminaciones arbitrarias de tarifas por ning\u00fan concepto. El tiempo m\u00e1ximo de navegaci\u00f3n entre Dalcahue y Curaco de V\u00e9lez es de 5 minutos. El tiempo de permanencia en rampa, ser\u00e1 de un m\u00e1ximo de 5 minutos, entre otros temas.<\/p>\n<p style=\"text-align: justify;\">Departamento de Prensa<\/p>\n","protected":false},"excerpt":{"rendered":"<p>Una verdadera incertidumbre es la que viven por estos d\u00edas los habitantes de la comuna de Quinchao, por la regulaci\u00f3n del transbordo sobre el Canal Dalcahue, tema incluso que ha sido discutido recientemente entre los ediles de Curaco de V\u00e9lez y Quinchao con los personeros de gobierno, que siguen en busca de una soluci\u00f3n definitiva [&hellip;]<\/p>\n","protected":false},"author":2,"featured_media":1662,"comment_status":"open","ping_status":"open","sticky":false,"template":"","format":"standard","meta":[],"categories":[3],"tags":[5],"jetpack_featured_media_url":"https:\/\/www.radiochiloe.cl\/wp-content\/uploads\/2012\/06\/canaldalcahue1.jpg","_links":{"self":[{"href":"https:\/\/www.radiochiloe.cl\/index.php?rest_route=\/wp\/v2\/posts\/1661"}],"collection":[{"href":"https:\/\/www.radiochiloe.cl\/index.php?rest_route=\/wp\/v2\/posts"}],"about":[{"href":"https:\/\/www.radiochiloe.cl\/index.php?rest_route=\/wp\/v2\/types\/post"}],"author":[{"embeddable":true,"href":"https:\/\/www.radiochiloe.cl\/index.php?rest_route=\/wp\/v2\/users\/2"}],"replies":[{"embeddable":true,"href":"https:\/\/www.radiochiloe.cl\/index.php?rest_route=%2Fwp%2Fv2%2Fcomments&post=1661"}],"version-history":[{"count":1,"href":"https:\/\/www.radiochiloe.cl\/index.php?rest_route=\/wp\/v2\/posts\/1661\/revisions"}],"predecessor-version":[{"id":1663,"href":"https:\/\/www.radiochiloe.cl\/index.php?rest_route=\/wp\/v2\/posts\/1661\/revisions\/1663"}],"wp:featuredmedia":[{"embeddable":true,"href":"https:\/\/www.radiochiloe.cl\/index.php?rest_route=\/wp\/v2\/media\/1662"}],"wp:attachment":[{"href":"https:\/\/www.radiochiloe.cl\/index.php?rest_route=%2Fwp%2Fv2%2Fmedia&parent=1661"}],"wp:term":[{"taxonomy":"category","embeddable":true,"href":"https:\/\/www.radiochiloe.cl\/index.php?rest_route=%2Fwp%2Fv2%2Fcategories&post=1661"},{"taxonomy":"post_tag","embeddable":true,"href":"https:\/\/www.radiochiloe.cl\/index.php?rest_route=%2Fwp%2Fv2%2Ftags&post=1661"}],"curies":[{"name":"wp","href":"https:\/\/api.w.org\/{rel}","templated":true}]}}