{"id":1664,"date":"2012-06-23T10:00:28","date_gmt":"2012-06-23T14:00:28","guid":{"rendered":"http:\/\/www.radiochiloe.cl\/?p=1664"},"modified":"2012-06-22T17:58:58","modified_gmt":"2012-06-22T21:58:58","slug":"gobernador-cesar-zambrano-valoro-normativa-que-sanciona-el-robo-de-animales","status":"publish","type":"post","link":"https:\/\/www.radiochiloe.cl\/?p=1664","title":{"rendered":"Gobernador Cesar Zambrano valor\u00f3 normativa que sanciona el robo de animales"},"content":{"rendered":"<p style=\"text-align: justify;\">La Gobernaci\u00f3n de Chilo\u00e9 a contar de este a\u00f1o comenzar\u00e1 un trabajo intensivo, con la implementaci\u00f3n de una mesa de trabajo con los diferentes Servicios P\u00fablicos en conjunto con Carabineros, de tal forma de disminuir las cifras de este flagelo, aunque asegur\u00f3 que la provincia presenta las m\u00e1s bajas cifras a nivel de Regi\u00f3n.<\/p>\n<p style=\"text-align: justify;\">Luego, que el pasado 23 de mayo reci\u00e9n pasado, el congreso comunic\u00f3 al ejecutivo la aprobaci\u00f3n de las modificaciones legales que permiten mejorar las normas de fiscalizaci\u00f3n del delito de abigeato, y que a principios de esta semana se promulgara la Ley que aumenta las penas y fortalece la fiscalizaci\u00f3n contra el abigeato, el representante del Ejecutivo en la Isla Grande de Chilo\u00e9, dijo que se prev\u00e9 que con esta nueva normativa habr\u00e1 una disminuci\u00f3n en las cifras existentes en la Provincia y que alcanzan a un total en lo que va del a\u00f1o 2012, a 46 casos, siendo Ancud, la comuna en la que se presentaron mayor denuncias con 20 casos.<\/p>\n<p style=\"text-align: justify;\">La Autoridad aclar\u00f3 que con respecto al a\u00f1o 2011 las cifras han presentado una leve disminuci\u00f3n, ya que en ese entonces alcanz\u00f3 un total de 53 casos, donde Ancud y Castro, se present\u00f3 con mayores denuncias en 20 denuncias y 10 respectivamente. \u201cEl Gobierno del Presidente Sebasti\u00e1n Pi\u00f1era avanza nuevamente en el cumplimiento de sus compromisos de campa\u00f1a con el agro y el mundo rural. El abigeato es un delito que durante mucho tiempo ha golpeado nuestros campos, generando un da\u00f1o principalmente a las personas m\u00e1s humildes del sector campesino ya que, en la mayor\u00eda de los casos, se traduce en la privaci\u00f3n de su principal instrumento de trabajo. Hoy con la promulgaci\u00f3n de esta nueva Ley la realidad en nuestros campos cambiar\u00e1 y desde Gobernaci\u00f3n adem\u00e1s realizaremos un trabajo intensivo que vaya en directo beneficio de nuestros campesinos isle\u00f1os\u201d, se\u00f1al\u00f3.<\/p>\n<p style=\"text-align: justify;\">Cabe consignar que en la Regi\u00f3n de los Lagos, durante el 2011 se registraron mil 291, de las cuales s\u00f3lo 172 se tradujeron en detenciones efectivas. Asimismo, en 2012, la cifra ya supera las 500 denuncias de las cuales s\u00f3lo un 10% ha sido detenido.<\/p>\n<p style=\"text-align: justify;\">Con esta nueva Ley m\u00e1s y mejores facultades fiscalizadoras tendr\u00e1n el Servicio Agr\u00edcola y Ganadero y a Carabineros, permitiendo un control adecuado de los medios de transporte que tienen la obligaci\u00f3n de portar el Formulario para dejar constancia que la carga est\u00e1 regla.<\/p>\n<p style=\"text-align: justify;\">De esta facultad se desprende que, en caso de detectar carga indocumentada y previa autorizaci\u00f3n del Director Regional del SAG, los fiscalizadores podr\u00e1n ordenar la retenci\u00f3n temporal o traslado de los elementos, insumos, productos, e incluso el veh\u00edculo en que se transportan, la inmovilizaci\u00f3n de \u00e9stos o la aposici\u00f3n de sellos sobre bienes muebles o inmuebles. Adem\u00e1s, establece que los due\u00f1os, gerentes o empleados de ferias de ganado y mataderos no podr\u00e1n recibir, rematar ni faenar ganado sin que, previamente, hayan recepcionado el o los Formularios de Movimiento Animal respectivo, emitidos en el establecimiento de origen. En caso de infringir dicha obligaci\u00f3n, arriesgan multas de 1 a 50 UTM, sin perjuicio del derecho del due\u00f1o de los animales para accionar en contra de la feria o establecimiento donde fueron faenados.<\/p>\n<p style=\"text-align: justify;\">Departamento de Prensa<\/p>\n","protected":false},"excerpt":{"rendered":"<p>La Gobernaci\u00f3n de Chilo\u00e9 a contar de este a\u00f1o comenzar\u00e1 un trabajo intensivo, con la implementaci\u00f3n de una mesa de trabajo con los diferentes Servicios P\u00fablicos en conjunto con Carabineros, de tal forma de disminuir las cifras de este flagelo, aunque asegur\u00f3 que la provincia presenta las m\u00e1s bajas cifras a nivel de Regi\u00f3n. Luego, [&hellip;]<\/p>\n","protected":false},"author":2,"featured_media":1665,"comment_status":"open","ping_status":"open","sticky":false,"template":"","format":"standard","meta":[],"categories":[3],"tags":[5],"jetpack_featured_media_url":"https:\/\/www.radiochiloe.cl\/wp-content\/uploads\/2012\/06\/abigeatogobernador.jpg","_links":{"self":[{"href":"https:\/\/www.radiochiloe.cl\/index.php?rest_route=\/wp\/v2\/posts\/1664"}],"collection":[{"href":"https:\/\/www.radiochiloe.cl\/index.php?rest_route=\/wp\/v2\/posts"}],"about":[{"href":"https:\/\/www.radiochiloe.cl\/index.php?rest_route=\/wp\/v2\/types\/post"}],"author":[{"embeddable":true,"href":"https:\/\/www.radiochiloe.cl\/index.php?rest_route=\/wp\/v2\/users\/2"}],"replies":[{"embeddable":true,"href":"https:\/\/www.radiochiloe.cl\/index.php?rest_route=%2Fwp%2Fv2%2Fcomments&post=1664"}],"version-history":[{"count":3,"href":"https:\/\/www.radiochiloe.cl\/index.php?rest_route=\/wp\/v2\/posts\/1664\/revisions"}],"predecessor-version":[{"id":1668,"href":"https:\/\/www.radiochiloe.cl\/index.php?rest_route=\/wp\/v2\/posts\/1664\/revisions\/1668"}],"wp:featuredmedia":[{"embeddable":true,"href":"https:\/\/www.radiochiloe.cl\/index.php?rest_route=\/wp\/v2\/media\/1665"}],"wp:attachment":[{"href":"https:\/\/www.radiochiloe.cl\/index.php?rest_route=%2Fwp%2Fv2%2Fmedia&parent=1664"}],"wp:term":[{"taxonomy":"category","embeddable":true,"href":"https:\/\/www.radiochiloe.cl\/index.php?rest_route=%2Fwp%2Fv2%2Fcategories&post=1664"},{"taxonomy":"post_tag","embeddable":true,"href":"https:\/\/www.radiochiloe.cl\/index.php?rest_route=%2Fwp%2Fv2%2Ftags&post=1664"}],"curies":[{"name":"wp","href":"https:\/\/api.w.org\/{rel}","templated":true}]}}