{"id":1672,"date":"2012-06-23T12:58:41","date_gmt":"2012-06-23T16:58:41","guid":{"rendered":"http:\/\/www.radiochiloe.cl\/?p=1672"},"modified":"2012-06-23T12:58:41","modified_gmt":"2012-06-23T16:58:41","slug":"caleta-pescadores-pedro-montt-de-castro-se-prepara-para-celebrar-san-pedro","status":"publish","type":"post","link":"https:\/\/www.radiochiloe.cl\/?p=1672","title":{"rendered":"Caleta pescadores Pedro Montt de Castro se prepara para celebrar San Pedro."},"content":{"rendered":"<p style=\"text-align: justify;\">Una importante reuni\u00f3n sostendr\u00e1 este lunes, el sindicato de pescadores de la Caleta Pedro Montt de la ciudad de Castro, con el fin de coordinar la celebraci\u00f3n de San Pedro, patrono de la gente de mar.<\/p>\n<p style=\"text-align: justify;\">Seg\u00fan lo informado por Rudelindo Caicheo, presidente de esta organizaci\u00f3n, la reuni\u00f3n se llevar\u00e1 a efecto este lunes a las 3 de la tarde en la sede social de la avenida Pedro Montt prime sector, donde asistir\u00e1n el sacerdote Edito Ra\u00edn, para coordinar definitivamente las actividades de esta celebraci\u00f3n prevista para el viernes 29 de Junio.<\/p>\n<p style=\"text-align: justify;\">Rodelindo Caicheo, agreg\u00f3 que la idea es que asistan a la reuni\u00f3n los socios del sindicato, sus familiares, los j\u00f3venes del lugar, a objeto de organizarse para llevar a cabo la procesi\u00f3n en el mar, llevando la imagen de San Pedro.<\/p>\n<p style=\"text-align: justify;\">Indic\u00f3 que ojal\u00e1 participe el maximo de gente, porque esta celebraci\u00f3n religiosa tiene como objetivo encomendarse a Dios y orar por quienes d\u00eda a d\u00eda, cumplen en estas faenas a hacerse a la mar.<\/p>\n<p style=\"text-align: justify;\">En tanto el padre Edito Ra\u00edn, confirm\u00f3 la misa de san Pedro, ser\u00e1 celebrada el viernes a las 2 de la tarde en la rampa de las papas en calle Lillo en Castro, y posteriormente se realizar\u00e1 la procesi\u00f3n en el mar, para lo cual contar\u00e1n con el apoyo de personal de Armada y Carabineros, a quienes se le ha solicitado los permisos respectivos.<\/p>\n<p style=\"text-align: justify;\">As\u00ed mismo el sacerdote, confirm\u00f3 que asistir\u00e1 a la reuni\u00f3n que ha programado el sindicado de pescadores, prevista para este lunes a las 3 de la tarde en la sede social de Pedro Montt primer sector.<\/p>\n","protected":false},"excerpt":{"rendered":"<p>Una importante reuni\u00f3n sostendr\u00e1 este lunes, el sindicato de pescadores de la Caleta Pedro Montt de la ciudad de Castro, con el fin de coordinar la celebraci\u00f3n de San Pedro, patrono de la gente de mar. Seg\u00fan lo informado por Rudelindo Caicheo, presidente de esta organizaci\u00f3n, la reuni\u00f3n se llevar\u00e1 a efecto este lunes a [&hellip;]<\/p>\n","protected":false},"author":2,"featured_media":1673,"comment_status":"open","ping_status":"open","sticky":false,"template":"","format":"standard","meta":[],"categories":[3],"tags":[5],"jetpack_featured_media_url":"https:\/\/www.radiochiloe.cl\/wp-content\/uploads\/2012\/06\/Fiesta-San-Pedro.jpg","_links":{"self":[{"href":"https:\/\/www.radiochiloe.cl\/index.php?rest_route=\/wp\/v2\/posts\/1672"}],"collection":[{"href":"https:\/\/www.radiochiloe.cl\/index.php?rest_route=\/wp\/v2\/posts"}],"about":[{"href":"https:\/\/www.radiochiloe.cl\/index.php?rest_route=\/wp\/v2\/types\/post"}],"author":[{"embeddable":true,"href":"https:\/\/www.radiochiloe.cl\/index.php?rest_route=\/wp\/v2\/users\/2"}],"replies":[{"embeddable":true,"href":"https:\/\/www.radiochiloe.cl\/index.php?rest_route=%2Fwp%2Fv2%2Fcomments&post=1672"}],"version-history":[{"count":1,"href":"https:\/\/www.radiochiloe.cl\/index.php?rest_route=\/wp\/v2\/posts\/1672\/revisions"}],"predecessor-version":[{"id":1674,"href":"https:\/\/www.radiochiloe.cl\/index.php?rest_route=\/wp\/v2\/posts\/1672\/revisions\/1674"}],"wp:featuredmedia":[{"embeddable":true,"href":"https:\/\/www.radiochiloe.cl\/index.php?rest_route=\/wp\/v2\/media\/1673"}],"wp:attachment":[{"href":"https:\/\/www.radiochiloe.cl\/index.php?rest_route=%2Fwp%2Fv2%2Fmedia&parent=1672"}],"wp:term":[{"taxonomy":"category","embeddable":true,"href":"https:\/\/www.radiochiloe.cl\/index.php?rest_route=%2Fwp%2Fv2%2Fcategories&post=1672"},{"taxonomy":"post_tag","embeddable":true,"href":"https:\/\/www.radiochiloe.cl\/index.php?rest_route=%2Fwp%2Fv2%2Ftags&post=1672"}],"curies":[{"name":"wp","href":"https:\/\/api.w.org\/{rel}","templated":true}]}}