{"id":1678,"date":"2012-06-23T13:11:09","date_gmt":"2012-06-23T17:11:09","guid":{"rendered":"http:\/\/www.radiochiloe.cl\/?p=1678"},"modified":"2012-06-23T13:11:09","modified_gmt":"2012-06-23T17:11:09","slug":"pronto-comenzarian-trabajos-de-electrificacion-en-isla-chelin","status":"publish","type":"post","link":"https:\/\/www.radiochiloe.cl\/?p=1678","title":{"rendered":"Pronto comenzar\u00edan trabajos de electrificaci\u00f3n en isla Chel\u00edn."},"content":{"rendered":"<p style=\"text-align: justify;\">M\u00e1s de 400 millones de pesos fueron invertidos en la isla Chel\u00edn para comenzar los trabajos de electrificaci\u00f3n del sector, proyecto financiado con recursos del gobierno.<\/p>\n<p style=\"text-align: justify;\">En dicho encuentro participar\u00e1n los concejales de la comuna de Castro Juan Edaurdo Vera y Fernando B\u00f3rquez, adem\u00e1s de representantes municipales y del gobierno representados por la SUBDERE.<\/p>\n<p style=\"text-align: justify;\">Para el concejal y jefe de gabinete de la Gobernaci\u00f3n Provincial Fernando B\u00f3rquez el sue\u00f1o de la luz el\u00e9ctrica para los vecinos de isla Chel\u00edn hoy se ha transformado en una realidad, adem\u00e1s que estas importantes obras vienen acompa\u00f1adas con un proyecto del programa de mejoramiento urbano PMU.<\/p>\n<p style=\"text-align: justify;\">En tanto para el concejal Juan Eduardo Vera, oriundo de isla Chel\u00edn, visiblemente emocionado destac\u00f3 como este territorio ha ido mejorando su calidad de vida, y hoy que las familias cuenten con energ\u00eda el\u00e9ctrica es uno de los m\u00e1ximos anhelos que los vecinos de Chel\u00edn Bajo y huechu Chel\u00edn, hayan logrado.<\/p>\n<p style=\"text-align: justify;\">Finalmente ambos concejales manifestaron que no descansar\u00e1n hasta ver que otros proyectos de desarrollo para el mundo rural tambi\u00e9n sean ejecutados, y su compromiso de trabajar incansablemente en lograr que en el futuro cercano tambi\u00e9n sea electrificada la isla de Quehui.<\/p>\n","protected":false},"excerpt":{"rendered":"<p>M\u00e1s de 400 millones de pesos fueron invertidos en la isla Chel\u00edn para comenzar los trabajos de electrificaci\u00f3n del sector, proyecto financiado con recursos del gobierno. En dicho encuentro participar\u00e1n los concejales de la comuna de Castro Juan Edaurdo Vera y Fernando B\u00f3rquez, adem\u00e1s de representantes municipales y del gobierno representados por la SUBDERE. Para [&hellip;]<\/p>\n","protected":false},"author":2,"featured_media":1679,"comment_status":"open","ping_status":"open","sticky":false,"template":"","format":"standard","meta":[],"categories":[3],"tags":[5],"jetpack_featured_media_url":"https:\/\/www.radiochiloe.cl\/wp-content\/uploads\/2012\/06\/isla_chelin.jpg","_links":{"self":[{"href":"https:\/\/www.radiochiloe.cl\/index.php?rest_route=\/wp\/v2\/posts\/1678"}],"collection":[{"href":"https:\/\/www.radiochiloe.cl\/index.php?rest_route=\/wp\/v2\/posts"}],"about":[{"href":"https:\/\/www.radiochiloe.cl\/index.php?rest_route=\/wp\/v2\/types\/post"}],"author":[{"embeddable":true,"href":"https:\/\/www.radiochiloe.cl\/index.php?rest_route=\/wp\/v2\/users\/2"}],"replies":[{"embeddable":true,"href":"https:\/\/www.radiochiloe.cl\/index.php?rest_route=%2Fwp%2Fv2%2Fcomments&post=1678"}],"version-history":[{"count":2,"href":"https:\/\/www.radiochiloe.cl\/index.php?rest_route=\/wp\/v2\/posts\/1678\/revisions"}],"predecessor-version":[{"id":1681,"href":"https:\/\/www.radiochiloe.cl\/index.php?rest_route=\/wp\/v2\/posts\/1678\/revisions\/1681"}],"wp:featuredmedia":[{"embeddable":true,"href":"https:\/\/www.radiochiloe.cl\/index.php?rest_route=\/wp\/v2\/media\/1679"}],"wp:attachment":[{"href":"https:\/\/www.radiochiloe.cl\/index.php?rest_route=%2Fwp%2Fv2%2Fmedia&parent=1678"}],"wp:term":[{"taxonomy":"category","embeddable":true,"href":"https:\/\/www.radiochiloe.cl\/index.php?rest_route=%2Fwp%2Fv2%2Fcategories&post=1678"},{"taxonomy":"post_tag","embeddable":true,"href":"https:\/\/www.radiochiloe.cl\/index.php?rest_route=%2Fwp%2Fv2%2Ftags&post=1678"}],"curies":[{"name":"wp","href":"https:\/\/api.w.org\/{rel}","templated":true}]}}