{"id":1682,"date":"2012-06-25T09:52:44","date_gmt":"2012-06-25T13:52:44","guid":{"rendered":"http:\/\/www.radiochiloe.cl\/?p=1682"},"modified":"2012-06-25T09:54:52","modified_gmt":"2012-06-25T13:54:52","slug":"llaman-a-postular-al-fondo-de-administracion-pesquero","status":"publish","type":"post","link":"https:\/\/www.radiochiloe.cl\/?p=1682","title":{"rendered":"Llaman a postular al Fondo de Administraci\u00f3n Pesquero"},"content":{"rendered":"<p style=\"text-align: justify;\">Desde el 19 de junio y hasta el 31 de julio las organizaciones de la pesca artesanal de todo el pa\u00eds, podr\u00e1n presentar iniciativas dirigidas a fomentar y desarrollar la actividad de las caletas a las que representan.<\/p>\n<p style=\"text-align: justify;\">El Subsecretario de Pesca, Pablo Galilea, explic\u00f3 que este es el segundo a\u00f1o que el Fondo de Administraci\u00f3n Pesquero, realiza este concurso, recordando que el a\u00f1o pasado se hizo el primer llamado, habiendo recibido cerca de 150 proyectos de organizaciones de pescadores artesanales de todo el pa\u00eds, de los cuales se adjudicaron 41 proyectos productivos.<\/p>\n<p style=\"text-align: justify;\">Galilea indic\u00f3 que anterior permiti\u00f3 evaluar las l\u00edneas de mayor impacto para el sector, en t\u00e9rminos de mejoras en los procesos productivos e innovaci\u00f3n tecnol\u00f3gica de la actividad.<\/p>\n<p style=\"text-align: justify;\">Agreg\u00f3 que la mejor f\u00f3rmula de invertir los recursos p\u00fablicos en este sector se produce cuando se es capaz de conjugar las iniciativas originadas en la propia institucionalidad, que normalmente tienen su fundamento en la diversificaci\u00f3n productiva y sustentabilidad, con aquellas cuyo origen es el an\u00e1lisis que realizan los propios pescadores artesanales, en cuanto a mejoras en los procesos, valor agregado y mayores ingresos.<\/p>\n<p style=\"text-align: justify;\">Precis\u00f3 que para este a\u00f1o se espera tener una convocatoria mayor que la del a\u00f1o 2011, para lo cual se ha considerado visitas a las caletas de pescadores m\u00e1s alejadas o rurales, contando para ello con el apoyo de las SEREMIS de Econom\u00eda y Direcciones Zonales de Pesca de todo el pa\u00eds.<\/p>\n<p style=\"text-align: justify;\">El concurso contempla cuatro l\u00edneas de inversi\u00f3n como Formalizaci\u00f3n y Gesti\u00f3n de Unidades Comerciales, Mejoramiento Productivo e Innovaci\u00f3n Tecnol\u00f3gica, Mejoramiento Comercial Mediante la Incorporaci\u00f3n de Valor Agregado y Diversificaci\u00f3n Productiva y Desarrollo de Mercado.<\/p>\n<p style=\"text-align: justify;\">Pueden participar las organizaciones de pescadores artesanales legalmente constituidas compuestas \u00edntegramente por pescadores artesanales, armadores, buzos, recolectores de orilla, algueros y buzos apnea, inscritos en el Registro Pesquero Artesanal, las que podr\u00e1n optar hasta el 90 por ciento de la inversi\u00f3n total del proyecto.<\/p>\n<p style=\"text-align: justify;\">Los interesados podr\u00e1n postular desde el 19 de junio hasta el 31 de julio de 2012, pudiendo encontrar las bases del concurso y formulario de postulaci\u00f3n en los sitios web de la Subsecretar\u00eda de Pesca y Fondo de Administraci\u00f3n Pesquero, www.subpesca.cl y www.fap.cl, as\u00ed como en las Direcciones zonales de Pesca y SEREMI de Econom\u00eda de todo el pa\u00eds.<\/p>\n<p style=\"text-align: justify;\">Departamento de Prensa<\/p>\n","protected":false},"excerpt":{"rendered":"<p>Desde el 19 de junio y hasta el 31 de julio las organizaciones de la pesca artesanal de todo el pa\u00eds, podr\u00e1n presentar iniciativas dirigidas a fomentar y desarrollar la actividad de las caletas a las que representan. El Subsecretario de Pesca, Pablo Galilea, explic\u00f3 que este es el segundo a\u00f1o que el Fondo de [&hellip;]<\/p>\n","protected":false},"author":2,"featured_media":1683,"comment_status":"open","ping_status":"open","sticky":false,"template":"","format":"standard","meta":[],"categories":[3],"tags":[5],"jetpack_featured_media_url":"https:\/\/www.radiochiloe.cl\/wp-content\/uploads\/2012\/06\/pesca.jpg","_links":{"self":[{"href":"https:\/\/www.radiochiloe.cl\/index.php?rest_route=\/wp\/v2\/posts\/1682"}],"collection":[{"href":"https:\/\/www.radiochiloe.cl\/index.php?rest_route=\/wp\/v2\/posts"}],"about":[{"href":"https:\/\/www.radiochiloe.cl\/index.php?rest_route=\/wp\/v2\/types\/post"}],"author":[{"embeddable":true,"href":"https:\/\/www.radiochiloe.cl\/index.php?rest_route=\/wp\/v2\/users\/2"}],"replies":[{"embeddable":true,"href":"https:\/\/www.radiochiloe.cl\/index.php?rest_route=%2Fwp%2Fv2%2Fcomments&post=1682"}],"version-history":[{"count":5,"href":"https:\/\/www.radiochiloe.cl\/index.php?rest_route=\/wp\/v2\/posts\/1682\/revisions"}],"predecessor-version":[{"id":1691,"href":"https:\/\/www.radiochiloe.cl\/index.php?rest_route=\/wp\/v2\/posts\/1682\/revisions\/1691"}],"wp:featuredmedia":[{"embeddable":true,"href":"https:\/\/www.radiochiloe.cl\/index.php?rest_route=\/wp\/v2\/media\/1683"}],"wp:attachment":[{"href":"https:\/\/www.radiochiloe.cl\/index.php?rest_route=%2Fwp%2Fv2%2Fmedia&parent=1682"}],"wp:term":[{"taxonomy":"category","embeddable":true,"href":"https:\/\/www.radiochiloe.cl\/index.php?rest_route=%2Fwp%2Fv2%2Fcategories&post=1682"},{"taxonomy":"post_tag","embeddable":true,"href":"https:\/\/www.radiochiloe.cl\/index.php?rest_route=%2Fwp%2Fv2%2Ftags&post=1682"}],"curies":[{"name":"wp","href":"https:\/\/api.w.org\/{rel}","templated":true}]}}