{"id":1684,"date":"2012-06-25T08:30:22","date_gmt":"2012-06-25T12:30:22","guid":{"rendered":"http:\/\/www.radiochiloe.cl\/?p=1684"},"modified":"2012-06-24T21:33:43","modified_gmt":"2012-06-25T01:33:43","slug":"servicio-de-salud-visito-urgencia-del-hospital-de-castro","status":"publish","type":"post","link":"https:\/\/www.radiochiloe.cl\/?p=1684","title":{"rendered":"Servicio de Salud visit\u00f3 urgencia del hospital de Castro"},"content":{"rendered":"<p style=\"text-align: justify;\">Hasta la Urgencia del Hospital Augusto Riffart de Castro lleg\u00f3 personal del Servicio de Salud Chilo\u00e9, con el prop\u00f3sito de verificar el estado de la red asistencial y conocer en terreno la atenci\u00f3n que reciben los usuarios.<\/p>\n<p style=\"text-align: justify;\">Junto con dialogar con los pocos pacientes que a esa hora se encontraban en la urgencia, un equipo del Servicio de Salud Chilo\u00e9, junto con personal del Hospital de Castro, entregaron recomendaciones para enfrentar el periodo invernal.<\/p>\n<p style=\"text-align: justify;\">Durante el recorrido, el director del hospital Augusto Riffart, Ricardo Salazar, junto al jefe del servicio de urgencia, Dr. Miguel Ch\u00e1vez, se\u00f1alaron que el n\u00famero de consultas se encuentran en par\u00e1metros normales, registr\u00e1ndose un alza moderada de enfermedades respiratorias propias del periodo de invierno.<\/p>\n<p style=\"text-align: justify;\">Al respecto y frente a la espera del peak de patolog\u00edas respiratorias, Rodrigo Callejas, Director del Servicio de Salud Chilo\u00e9, se\u00f1al\u00f3 que la red est\u00e1 preparada y capacitada para enfrentar la demanda propia que se presenta en esta \u00e9poca del a\u00f1o, por lo que asegur\u00f3 que se ha previsto un aumento de horas kin\u00e9sicas.<\/p>\n<p style=\"text-align: justify;\">Record\u00f3 que lo m\u00e1s importante para pasar un mejor invierno, es el autocuidado, con simples acciones como lavado de las manos, ventilaci\u00f3n de casas y oficinas, utilizaci\u00f3n de pa\u00f1uelos desechables, y usar el antebrazo para cubrir cara y nariz al momento de estornudar.<\/p>\n<p style=\"text-align: justify;\">Ricardo Salazar, Director del Hospital de Castro, se\u00f1al\u00f3 que la realidad de la provincia es completamente distinta al resto del pa\u00eds, donde el invierno tiene mayor duraci\u00f3n, present\u00e1ndose casos de enfermedades respiratorias incluso en el mes de noviembre.<\/p>\n<p style=\"text-align: justify;\">En este sentido explic\u00f3 que el recinto cuenta con 5 camas adicionales para pacientes pedi\u00e1tricos, reforzando el \u00e1rea kin\u00e9sica durante los fines de semana y que lo in\u00e9dito es la entrega de medicamentos en la urgencia en el caso de patolog\u00edas respiratorias a los pacientes m\u00e1s vulnerables, Infecciones Respiratorias Agudas Bajas en menores de 5 a\u00f1os y neumon\u00eda en personas mayores de 65 a\u00f1os.<\/p>\n<p style=\"text-align: justify;\">Dentro de la provincia Quell\u00f3n, Ancud y Chonchi, son las comunas con mayor presencia de casos de virus sincicial, de acuerdo al monitoreo que diariamente realizan los equipos del Servicio de Salud Chilo\u00e9 a las estad\u00edsticas de las urgencias, donde los ni\u00f1os resultan ser los m\u00e1s afectados principalmente por las bajas temperaturas y la contaminaci\u00f3n intra domiciliaria.<\/p>\n<p style=\"text-align: justify;\">Este aumento de casos que ha afectado principalmente a los ni\u00f1os, obedecer\u00eda de acuerdo al enfermero del Servicio Salud Chilo\u00e9, Felipe C\u00e1rdenas, a la baja en la vacunaci\u00f3n anti influenza registrada en la provincia, que alcanz\u00f3 s\u00f3lo un 70 por ciento, por lo tanto el aumento de enfermedades respiratorias en este grupo et\u00e1reo es acorde a lo que se esperaba con la baja cobertura de vacunaci\u00f3n.<\/p>\n<p style=\"text-align: justify;\">Por lo anterior se reitera el llamado a los padres a tomar las acciones y llevar a sus hijos a inmunizarlos, porque a\u00fan existen dosis disponibles<\/p>\n<p style=\"text-align: justify;\">Los pap\u00e1s deben consultar a un m\u00e9dico cuando sus hijos peque\u00f1os tienen temperatura superior a los 38 grados en la zona axilar.<\/p>\n<p style=\"text-align: justify;\">Si tienen dificultades para respirar o respiran muy r\u00e1pido, se quejan, tienen los labios de color azulado y no se quieren alimentar, los pap\u00e1s deben llevar a sus hijos a un servicio de urgencia para que reciban atenci\u00f3n en forma inmediata.<\/p>\n<p style=\"text-align: justify;\">Finalmente, el servicio de Salud Responde del Ministerio de Salud, se encuentra disponible para recibir todo tipo de consultas llamando al 600 360 7777.<\/p>\n<p style=\"text-align: justify;\">Departamento de Prensa<\/p>\n","protected":false},"excerpt":{"rendered":"<p>Hasta la Urgencia del Hospital Augusto Riffart de Castro lleg\u00f3 personal del Servicio de Salud Chilo\u00e9, con el prop\u00f3sito de verificar el estado de la red asistencial y conocer en terreno la atenci\u00f3n que reciben los usuarios. Junto con dialogar con los pocos pacientes que a esa hora se encontraban en la urgencia, un equipo [&hellip;]<\/p>\n","protected":false},"author":2,"featured_media":1685,"comment_status":"open","ping_status":"open","sticky":false,"template":"","format":"standard","meta":[],"categories":[3],"tags":[5],"jetpack_featured_media_url":"https:\/\/www.radiochiloe.cl\/wp-content\/uploads\/2012\/06\/urgencia.jpg","_links":{"self":[{"href":"https:\/\/www.radiochiloe.cl\/index.php?rest_route=\/wp\/v2\/posts\/1684"}],"collection":[{"href":"https:\/\/www.radiochiloe.cl\/index.php?rest_route=\/wp\/v2\/posts"}],"about":[{"href":"https:\/\/www.radiochiloe.cl\/index.php?rest_route=\/wp\/v2\/types\/post"}],"author":[{"embeddable":true,"href":"https:\/\/www.radiochiloe.cl\/index.php?rest_route=\/wp\/v2\/users\/2"}],"replies":[{"embeddable":true,"href":"https:\/\/www.radiochiloe.cl\/index.php?rest_route=%2Fwp%2Fv2%2Fcomments&post=1684"}],"version-history":[{"count":1,"href":"https:\/\/www.radiochiloe.cl\/index.php?rest_route=\/wp\/v2\/posts\/1684\/revisions"}],"predecessor-version":[{"id":1686,"href":"https:\/\/www.radiochiloe.cl\/index.php?rest_route=\/wp\/v2\/posts\/1684\/revisions\/1686"}],"wp:featuredmedia":[{"embeddable":true,"href":"https:\/\/www.radiochiloe.cl\/index.php?rest_route=\/wp\/v2\/media\/1685"}],"wp:attachment":[{"href":"https:\/\/www.radiochiloe.cl\/index.php?rest_route=%2Fwp%2Fv2%2Fmedia&parent=1684"}],"wp:term":[{"taxonomy":"category","embeddable":true,"href":"https:\/\/www.radiochiloe.cl\/index.php?rest_route=%2Fwp%2Fv2%2Fcategories&post=1684"},{"taxonomy":"post_tag","embeddable":true,"href":"https:\/\/www.radiochiloe.cl\/index.php?rest_route=%2Fwp%2Fv2%2Ftags&post=1684"}],"curies":[{"name":"wp","href":"https:\/\/api.w.org\/{rel}","templated":true}]}}