{"id":1699,"date":"2012-06-25T11:28:11","date_gmt":"2012-06-25T15:28:11","guid":{"rendered":"http:\/\/www.radiochiloe.cl\/?p=1699"},"modified":"2012-06-25T11:28:11","modified_gmt":"2012-06-25T15:28:11","slug":"90-estudiantes-castrenos-reciben-beca-municipal","status":"publish","type":"post","link":"https:\/\/www.radiochiloe.cl\/?p=1699","title":{"rendered":"90 estudiantes castre\u00f1os reciben Beca Municipal"},"content":{"rendered":"<p style=\"text-align: justify;\">Esta tarde, y por tercer a\u00f1o consecutivo, los j\u00f3venes se har\u00e1n merecedores del importante beneficio que ratifica el compromiso de la Municipalidad de Castro con la educaci\u00f3n.<\/p>\n<p style=\"text-align: justify;\">A partir de las 19 de horas de hoy se llevar\u00e1 a cabo en el auditorium del Centro Cultural de Castro, la ceremonia de entrega de las 90 becas que este a\u00f1o otorga la Municipalidad de la capital chilota.<\/p>\n<p style=\"text-align: justify;\">En la ocasi\u00f3n, quienes resultaron beneficiados con la ayuda recibir\u00e1n un diploma que certifica haber obtenido la beca, la que se otorga por tercer a\u00f1o consecutivo, y en esta oportunidad consistir\u00e1 en un aporte monetario de 350 mil pesos, los que ser\u00e1n depositados en las respectivas cuentas de ahorro de los beneficiarios. La inversi\u00f3n municipal en este \u00edtem llega a los 31 millones 500 mil pesos, los cuales pertenecen a los fondos aportados por el Banco Estado.<\/p>\n<p style=\"text-align: justify;\">Seg\u00fan lo expuesto por el alcalde de la comuna de Castro, Nelson \u00c1guila, cabe resaltar que este a\u00f1o se est\u00e1n entregando 30 becas m\u00e1s que el a\u00f1o pasado, cuando se facilitaron 60.<\/p>\n<p style=\"text-align: justify;\">De tal manera son 22 estudiantes de Centros de Formaci\u00f3n T\u00e9cnica o Institutos Profesionales los que recibir\u00e1n esta tarde el certificado, a los que se suman otros 23 alumnos egresados de la educaci\u00f3n media y 45 j\u00f3venes que ya estudian en la universidad.<\/p>\n<p style=\"text-align: justify;\">\u201cEl proceso fue totalmente transparente ya que se verificaron los par\u00e1metros de notas, ficha de protecci\u00f3n y los resultados obtenidos en la Prueba de Selecci\u00f3n Universitaria, PSU\u201d, recalc\u00f3 el alcalde \u00c1guila.<\/p>\n<p style=\"text-align: justify;\">La Beca del Concejo Municipal de Castro se crea justamente para premiar a estudiantes de la comuna que presenten un mejor rendimiento acad\u00e9mico y tengan una situaci\u00f3n socioecon\u00f3mica deficitaria, y que inicien o contin\u00faen estudios superiores en una universidad, instituto profesional o centro de formaci\u00f3n t\u00e9cnica reconocidos por el Estado de Chile.<\/p>\n<p style=\"text-align: justify;\">\u201cCon ello una vez m\u00e1s el municipio cumple con una funci\u00f3n social muy importante, la que consiste en apoyar a los estudiantes que se esfuerzan por salir adelante. Hay que considerar que este es un est\u00edmulo\u2026es un apoyo a las familias que hacen un esfuerzo para que sus hijos puedan obtener un t\u00edtulo t\u00e9cnico \u00f3 profesional\u201d, sostuvo el alcalde \u00c1guila, quien indic\u00f3 adem\u00e1s que se espera para el pr\u00f3ximo a\u00f1o seguir contando con mayores recursos para atender a m\u00e1s alumnos, pues ese es precisamente el fuerte compromiso que ha adquirido el municipio, alcalde y Concejo Municipal, para con los j\u00f3venes estudiantes de Castro.<\/p>\n<p style=\"text-align: justify;\">Departamento de Prensa<\/p>\n","protected":false},"excerpt":{"rendered":"<p>Esta tarde, y por tercer a\u00f1o consecutivo, los j\u00f3venes se har\u00e1n merecedores del importante beneficio que ratifica el compromiso de la Municipalidad de Castro con la educaci\u00f3n. A partir de las 19 de horas de hoy se llevar\u00e1 a cabo en el auditorium del Centro Cultural de Castro, la ceremonia de entrega de las 90 [&hellip;]<\/p>\n","protected":false},"author":2,"featured_media":1700,"comment_status":"open","ping_status":"open","sticky":false,"template":"","format":"standard","meta":[],"categories":[3],"tags":[5],"jetpack_featured_media_url":"https:\/\/www.radiochiloe.cl\/wp-content\/uploads\/2012\/06\/becamunicipal.jpg","_links":{"self":[{"href":"https:\/\/www.radiochiloe.cl\/index.php?rest_route=\/wp\/v2\/posts\/1699"}],"collection":[{"href":"https:\/\/www.radiochiloe.cl\/index.php?rest_route=\/wp\/v2\/posts"}],"about":[{"href":"https:\/\/www.radiochiloe.cl\/index.php?rest_route=\/wp\/v2\/types\/post"}],"author":[{"embeddable":true,"href":"https:\/\/www.radiochiloe.cl\/index.php?rest_route=\/wp\/v2\/users\/2"}],"replies":[{"embeddable":true,"href":"https:\/\/www.radiochiloe.cl\/index.php?rest_route=%2Fwp%2Fv2%2Fcomments&post=1699"}],"version-history":[{"count":2,"href":"https:\/\/www.radiochiloe.cl\/index.php?rest_route=\/wp\/v2\/posts\/1699\/revisions"}],"predecessor-version":[{"id":1702,"href":"https:\/\/www.radiochiloe.cl\/index.php?rest_route=\/wp\/v2\/posts\/1699\/revisions\/1702"}],"wp:featuredmedia":[{"embeddable":true,"href":"https:\/\/www.radiochiloe.cl\/index.php?rest_route=\/wp\/v2\/media\/1700"}],"wp:attachment":[{"href":"https:\/\/www.radiochiloe.cl\/index.php?rest_route=%2Fwp%2Fv2%2Fmedia&parent=1699"}],"wp:term":[{"taxonomy":"category","embeddable":true,"href":"https:\/\/www.radiochiloe.cl\/index.php?rest_route=%2Fwp%2Fv2%2Fcategories&post=1699"},{"taxonomy":"post_tag","embeddable":true,"href":"https:\/\/www.radiochiloe.cl\/index.php?rest_route=%2Fwp%2Fv2%2Ftags&post=1699"}],"curies":[{"name":"wp","href":"https:\/\/api.w.org\/{rel}","templated":true}]}}