{"id":1703,"date":"2012-06-25T15:00:25","date_gmt":"2012-06-25T19:00:25","guid":{"rendered":"http:\/\/www.radiochiloe.cl\/?p=1703"},"modified":"2012-06-25T11:39:33","modified_gmt":"2012-06-25T15:39:33","slug":"primera-compania-de-bomberos-de-contao-recibe-oficialmente-nuevo-carro-aljibe","status":"publish","type":"post","link":"https:\/\/www.radiochiloe.cl\/?p=1703","title":{"rendered":"Primera compa\u00f1\u00eda de bomberos de Contao recibe oficialmente nuevo carro aljibe"},"content":{"rendered":"<p style=\"text-align: justify;\">Este domingo 24 de junio, el Cuerpo de Bomberos de Hualaihu\u00e9 hizo entrega oficial de este nuevo veh\u00edculo financiado mediante recursos FNDR. La 1\u00aa C\u00eda. recibi\u00f3 tambi\u00e9n, simb\u00f3licamente, el carro bomba adquirido en el 2010, y equipamiento menor.<\/p>\n<p style=\"text-align: justify;\">Autoridades locales y vecinos acudieron este domingo 24 de junio a la Plaza de Armas de Contao para acompa\u00f1ar a los voluntarios de la 1\u00aa C\u00eda. de Bomberos de Contao, la m\u00e1s antigua de la comuna, a recibir oficialmente el carro aljibe de 10.000 litros de capacidad que adquirieron recientemente.<\/p>\n<p style=\"text-align: justify;\">De esta manera, el Superintendente del Cuerpo de Bomberos de Hualaihu\u00e9, Francisco Fern\u00e1ndez entreg\u00f3 la documentaci\u00f3n de este veh\u00edculo, en primera instancia, al Comandante del Cuerpo de Bomberos de Hualaihu\u00e9, Francisco Negr\u00f3n, quien posteriormente se la traspas\u00f3 al Director de la 1\u00aa C\u00eda. de Bomberos de Contao, Cristi\u00e1n Valdebenito. Adem\u00e1s, los voluntarios de la 1\u00aa C\u00eda. recibieron tambi\u00e9n, de manera simb\u00f3lica, el carro bomba 4&#215;4 adquirido en el 2010, ocasi\u00f3n en que no se hab\u00eda realizado una ceremonia oficial, y equipamiento menor.<\/p>\n<p style=\"text-align: justify;\">\u201cEl carro aljibe de 10.000 litros, marca Mercedes Benz, corresponde a un proyecto de la ONEMI Regi\u00f3n de Los Lagos que involucr\u00f3 a los cuerpos de bomberos sujetos de cr\u00e9dito de esta regi\u00f3n, es decir, aquellos con sus registros contables al d\u00eda, entre los que estamos nosotros. Se contempl\u00f3 la adquisici\u00f3n de 17 carros aljibe, lo que fue visado por el Consejo Regional del Cuerpo de Bomberos y financiado con recursos FNDR tras la aprobaci\u00f3n de los Consejeros Regionales, con una inversi\u00f3n total superior a los $1.500 millones\u201d, expres\u00f3 el Superintendente del Cuerpo de Bomberos de Hualaihu\u00e9, Francisco Fern\u00e1ndez.<\/p>\n<p style=\"text-align: justify;\">Agreg\u00f3 que \u201cadem\u00e1s, hicimos entrega a la 1\u00aa C\u00eda. de equipos de respiraci\u00f3n aut\u00f3noma, adquiridos con fondos nuestros, provenientes de la Junta Nacional de Bomberos \u2013\u00faltimamente nos han estado llegando bastantes equipos, tales como cascos, botas, linternas, entre otros-, y traspasamos simb\u00f3licamente el carro bomba que opera desde el 2010 en Contao, un 4&#215;4 forestal con capacidad de 3 mil litros de agua que lleg\u00f3 nuevo, gracias a un proyecto de la Junta Nacional de Bomberos. Eso, sumado a los 10.000 litros del cami\u00f3n aljibe, debiera ser suficiente para controlar cualquier situaci\u00f3n de los alrededores de Contao. No tengan duda de que seguiremos trabajando por conseguir m\u00e1s beneficios como \u00e9stos, que redundan directamente en una mayor seguridad de la poblaci\u00f3n de Hualaihu\u00e9\u201d.<\/p>\n<p style=\"text-align: justify;\">La 1\u00aa C\u00eda. de Bomberos de Contao atiende desde el sector de Chaparano hasta El Varal por la Ruta 7 y hasta Hualaihu\u00e9 Puerto por la Ruta Costera. Tal como lo rese\u00f1\u00f3 su director Cristi\u00e1n Valdebenito, sus or\u00edgenes se remontan al 27 de octubre de 1967, cuando se form\u00f3 como brigada de la empresa forestal BIMA, pasando a constituirse como la 1\u00aa C\u00eda. de Bomberos de Contao en 1974. Actualmente cuenta con<br \/>\n15 voluntarios, 4 aspirantes y 3 cadetes.<\/p>\n<p style=\"text-align: justify;\">El alcalde Freddy Ibacache felicit\u00f3 a la 1\u00aa C\u00eda. de Bomberos por la nueva adquisici\u00f3n, manifestando que \u201ceste carro aljibe ser\u00e1 de gran utilidad para el buen desempe\u00f1o de las labores bomberiles que los voluntarios efect\u00faan en beneficio de nuestros vecinos\u201d. Aprovech\u00f3 de reiterar el apoyo municipal a las futuras gestiones y proyectos del Cuerpo de Bomberos de Hualaihu\u00e9 y felicit\u00f3 a los voluntarios por la pronta celebraci\u00f3n del D\u00eda Nacional del Bombero el pr\u00f3ximo 30 de junio.<\/p>\n<p style=\"text-align: justify;\">Departamento de Prensa<\/p>\n","protected":false},"excerpt":{"rendered":"<p>Este domingo 24 de junio, el Cuerpo de Bomberos de Hualaihu\u00e9 hizo entrega oficial de este nuevo veh\u00edculo financiado mediante recursos FNDR. La 1\u00aa C\u00eda. recibi\u00f3 tambi\u00e9n, simb\u00f3licamente, el carro bomba adquirido en el 2010, y equipamiento menor. Autoridades locales y vecinos acudieron este domingo 24 de junio a la Plaza de Armas de Contao [&hellip;]<\/p>\n","protected":false},"author":2,"featured_media":1704,"comment_status":"open","ping_status":"open","sticky":false,"template":"","format":"standard","meta":[],"categories":[3],"tags":[5],"jetpack_featured_media_url":"https:\/\/www.radiochiloe.cl\/wp-content\/uploads\/2012\/06\/carroaljibecontao.jpg","_links":{"self":[{"href":"https:\/\/www.radiochiloe.cl\/index.php?rest_route=\/wp\/v2\/posts\/1703"}],"collection":[{"href":"https:\/\/www.radiochiloe.cl\/index.php?rest_route=\/wp\/v2\/posts"}],"about":[{"href":"https:\/\/www.radiochiloe.cl\/index.php?rest_route=\/wp\/v2\/types\/post"}],"author":[{"embeddable":true,"href":"https:\/\/www.radiochiloe.cl\/index.php?rest_route=\/wp\/v2\/users\/2"}],"replies":[{"embeddable":true,"href":"https:\/\/www.radiochiloe.cl\/index.php?rest_route=%2Fwp%2Fv2%2Fcomments&post=1703"}],"version-history":[{"count":2,"href":"https:\/\/www.radiochiloe.cl\/index.php?rest_route=\/wp\/v2\/posts\/1703\/revisions"}],"predecessor-version":[{"id":1706,"href":"https:\/\/www.radiochiloe.cl\/index.php?rest_route=\/wp\/v2\/posts\/1703\/revisions\/1706"}],"wp:featuredmedia":[{"embeddable":true,"href":"https:\/\/www.radiochiloe.cl\/index.php?rest_route=\/wp\/v2\/media\/1704"}],"wp:attachment":[{"href":"https:\/\/www.radiochiloe.cl\/index.php?rest_route=%2Fwp%2Fv2%2Fmedia&parent=1703"}],"wp:term":[{"taxonomy":"category","embeddable":true,"href":"https:\/\/www.radiochiloe.cl\/index.php?rest_route=%2Fwp%2Fv2%2Fcategories&post=1703"},{"taxonomy":"post_tag","embeddable":true,"href":"https:\/\/www.radiochiloe.cl\/index.php?rest_route=%2Fwp%2Fv2%2Ftags&post=1703"}],"curies":[{"name":"wp","href":"https:\/\/api.w.org\/{rel}","templated":true}]}}