{"id":1707,"date":"2012-06-25T16:00:08","date_gmt":"2012-06-25T20:00:08","guid":{"rendered":"http:\/\/www.radiochiloe.cl\/?p=1707"},"modified":"2012-06-25T12:50:13","modified_gmt":"2012-06-25T16:50:13","slug":"corfo-difundio-programas-de-apoyo-al-emprendimiento-en-castro","status":"publish","type":"post","link":"https:\/\/www.radiochiloe.cl\/?p=1707","title":{"rendered":"CORFO difundi\u00f3 programas de apoyo al emprendimiento en Castro"},"content":{"rendered":"<p style=\"text-align: justify;\">Con ejemplos de empresas locales que han usado programas de CORFO para implementar normas de calidad o generar asociatividad, se realiz\u00f3 en Castro el seminario \u201cApoyo de CORFO al mejoramiento de la competitividad de las empresas\u201d, el que estuvo organizado por el Agente Operador Intermediario Codesser.<\/p>\n<p style=\"text-align: justify;\">El Director Regional de CORFO, Rodrigo Carrasco, dijo que \u201cquisimos mostrar a trav\u00e9s de ejemplos locales c\u00f3mo se puede acceder a nuestro amplio instrumental, el que busca promover el emprendimiento y la innovaci\u00f3n\u201d.<\/p>\n<p style=\"text-align: justify;\">El p\u00fablico, principalmente emprendedores del sector mitilicultor, conoci\u00f3 sobre el Programa de Emprendimiento Local (PEL), el Programa Asociativo de Fomento (PROFO), el Programa de Desarrollo de Proveedores (PDP) y el Fomento a la Calidad (FOCAL). Adem\u00e1s, se realiz\u00f3 una presentaci\u00f3n sobre el programa de financiamiento de CORFO, destacando el Plan de Garant\u00edas, el Microcr\u00e9dito y las Instituciones de Garant\u00eda Rec\u00edproca (IGR).<\/p>\n<p style=\"text-align: justify;\">En materia de ejemplos de uso de instrumentos CORFO, Paquito Chile destac\u00f3 el uso de FOCAL para la implementaci\u00f3n de normas ISO que les permiten llegar con su producci\u00f3n de mejillones al mercado europeo, cumpliendo los altos est\u00e1ndares de calidad exigidos por \u00e9sta. En tanto, los PROFO Calbuco-Quell\u00f3n y Quell\u00f3n relevaron el rol asociativo de este instrumento, que les permite generar volumen de producci\u00f3n con miras a la exportaci\u00f3n.<\/p>\n<p style=\"text-align: justify;\">El seminario concluy\u00f3 con la presentaci\u00f3n del consultor Enrique D\u00edaz quien entreg\u00f3 antecedentes del estado actual de la mitilicultura en Chilo\u00e9, destacando que \u201ces necesario focalizar marcas y darle valor agregado a la producci\u00f3n, seguir promocionando el mejill\u00f3n a nivel pa\u00eds, generar identidad de consumo en el mercado nacional y minimizar el efecto negativo de la fijaci\u00f3n de larvas\u201d.<\/p>\n<p style=\"text-align: justify;\">Departamento de Prensa<\/p>\n","protected":false},"excerpt":{"rendered":"<p>Con ejemplos de empresas locales que han usado programas de CORFO para implementar normas de calidad o generar asociatividad, se realiz\u00f3 en Castro el seminario \u201cApoyo de CORFO al mejoramiento de la competitividad de las empresas\u201d, el que estuvo organizado por el Agente Operador Intermediario Codesser. El Director Regional de CORFO, Rodrigo Carrasco, dijo que [&hellip;]<\/p>\n","protected":false},"author":2,"featured_media":1708,"comment_status":"open","ping_status":"open","sticky":false,"template":"","format":"standard","meta":[],"categories":[3],"tags":[5],"jetpack_featured_media_url":"https:\/\/www.radiochiloe.cl\/wp-content\/uploads\/2012\/06\/seminario.jpg","_links":{"self":[{"href":"https:\/\/www.radiochiloe.cl\/index.php?rest_route=\/wp\/v2\/posts\/1707"}],"collection":[{"href":"https:\/\/www.radiochiloe.cl\/index.php?rest_route=\/wp\/v2\/posts"}],"about":[{"href":"https:\/\/www.radiochiloe.cl\/index.php?rest_route=\/wp\/v2\/types\/post"}],"author":[{"embeddable":true,"href":"https:\/\/www.radiochiloe.cl\/index.php?rest_route=\/wp\/v2\/users\/2"}],"replies":[{"embeddable":true,"href":"https:\/\/www.radiochiloe.cl\/index.php?rest_route=%2Fwp%2Fv2%2Fcomments&post=1707"}],"version-history":[{"count":1,"href":"https:\/\/www.radiochiloe.cl\/index.php?rest_route=\/wp\/v2\/posts\/1707\/revisions"}],"predecessor-version":[{"id":1709,"href":"https:\/\/www.radiochiloe.cl\/index.php?rest_route=\/wp\/v2\/posts\/1707\/revisions\/1709"}],"wp:featuredmedia":[{"embeddable":true,"href":"https:\/\/www.radiochiloe.cl\/index.php?rest_route=\/wp\/v2\/media\/1708"}],"wp:attachment":[{"href":"https:\/\/www.radiochiloe.cl\/index.php?rest_route=%2Fwp%2Fv2%2Fmedia&parent=1707"}],"wp:term":[{"taxonomy":"category","embeddable":true,"href":"https:\/\/www.radiochiloe.cl\/index.php?rest_route=%2Fwp%2Fv2%2Fcategories&post=1707"},{"taxonomy":"post_tag","embeddable":true,"href":"https:\/\/www.radiochiloe.cl\/index.php?rest_route=%2Fwp%2Fv2%2Ftags&post=1707"}],"curies":[{"name":"wp","href":"https:\/\/api.w.org\/{rel}","templated":true}]}}