{"id":1710,"date":"2012-06-25T15:23:17","date_gmt":"2012-06-25T19:23:17","guid":{"rendered":"http:\/\/www.radiochiloe.cl\/?p=1710"},"modified":"2012-06-25T15:23:17","modified_gmt":"2012-06-25T19:23:17","slug":"fallece-tercera-persona-involucrada-en-el-tragico-accidente-del-fin-de-semana","status":"publish","type":"post","link":"https:\/\/www.radiochiloe.cl\/?p=1710","title":{"rendered":"Fallece tercera persona involucrada en el tr\u00e1gico accidente del fin de semana"},"content":{"rendered":"<p style=\"text-align: justify;\">En el Hospital Base de Puerto Montt falleci\u00f3 en la ma\u00f1ana de ayer, el conductor del autom\u00f3vil que el s\u00e1bado en la tarde protagoniz\u00f3 un violento y tr\u00e1gico accidente de tr\u00e1nsito en el sector de Piruquina, tras impactar a un cami\u00f3n mixer.<\/p>\n<p style=\"text-align: justify;\">Seg\u00fan lo informado por el sargento C\u00e1rcamo, de la Central de Comunicaci\u00f3n de Carabineros, CENCO, el fat\u00eddico accidente se registr\u00f3 el s\u00e1bado alrededor de 19 horas, donde producto del impacto, fallecieron en el lugar, dos personas, quedando otras tres con lesiones de extrema gravedad, entre los cuales se encuentran dos menores.<\/p>\n<p style=\"text-align: justify;\">\u201cSeg\u00fan las primeras indagaciones se presume que el conductor, circulaba con su\u00a0veh\u00edculo\u00a0marca Corsa, en manifiesto estado de ebriedad y por causas que se investigan desarroll\u00f3 maniobras en zigzag, lo que gener\u00f3 posteriormente la colisi\u00f3n frontal con el cami\u00f3n de carga de cemento\u201d enfatiz\u00f3.<\/p>\n<p style=\"text-align: justify;\">Cabe recordar que en el lugar de accidente, fallecieron Jos\u00e9 Subiabre Subiabre de 55 a\u00f1os y su hija Luzmenia Subiabre Mella de 35 a\u00f1os, mientras que el conductor del\u00a0veh\u00edculo\u00a0menor identificado como Federico Coliboro Legue de 46 a\u00f1os, dejo de existir en la madrugada de ayer en el Hospital Base de Puerto Montt.<\/p>\n<p style=\"text-align: justify;\">En tanto dos menores de edad, de 9 y dos a\u00f1os, tambi\u00e9n resultaron con lesiones de extrema gravedad, siendo derivados a los hospitales de Puerto Montt y Temuco, por la complejidad de su estado de salud.<\/p>\n<p style=\"text-align: justify;\">Hasta el lugar del accidente concurri\u00f3 personal de rescate de bomberos de Castro, mientras que Carabineros adopt\u00f3 el procedimiento de rigor.<\/p>\n<p style=\"text-align: justify;\">As\u00ed mismo y por instrucciones del fiscal de turno, Jorge Raddatz se hizo presente en el lugar, personal de la secci\u00f3n de investigaciones de accidentes de transito SIAT de Carabineros, para investigar las causas que provocaron la tragedia familiar.<\/p>\n<p style=\"text-align: justify;\">Departamento de Prensa<\/p>\n","protected":false},"excerpt":{"rendered":"<p>En el Hospital Base de Puerto Montt falleci\u00f3 en la ma\u00f1ana de ayer, el conductor del autom\u00f3vil que el s\u00e1bado en la tarde protagoniz\u00f3 un violento y tr\u00e1gico accidente de tr\u00e1nsito en el sector de Piruquina, tras impactar a un cami\u00f3n mixer. Seg\u00fan lo informado por el sargento C\u00e1rcamo, de la Central de Comunicaci\u00f3n de [&hellip;]<\/p>\n","protected":false},"author":2,"featured_media":1711,"comment_status":"open","ping_status":"open","sticky":false,"template":"","format":"standard","meta":[],"categories":[3],"tags":[5],"jetpack_featured_media_url":"https:\/\/www.radiochiloe.cl\/wp-content\/uploads\/2012\/06\/accidente.jpg","_links":{"self":[{"href":"https:\/\/www.radiochiloe.cl\/index.php?rest_route=\/wp\/v2\/posts\/1710"}],"collection":[{"href":"https:\/\/www.radiochiloe.cl\/index.php?rest_route=\/wp\/v2\/posts"}],"about":[{"href":"https:\/\/www.radiochiloe.cl\/index.php?rest_route=\/wp\/v2\/types\/post"}],"author":[{"embeddable":true,"href":"https:\/\/www.radiochiloe.cl\/index.php?rest_route=\/wp\/v2\/users\/2"}],"replies":[{"embeddable":true,"href":"https:\/\/www.radiochiloe.cl\/index.php?rest_route=%2Fwp%2Fv2%2Fcomments&post=1710"}],"version-history":[{"count":1,"href":"https:\/\/www.radiochiloe.cl\/index.php?rest_route=\/wp\/v2\/posts\/1710\/revisions"}],"predecessor-version":[{"id":1712,"href":"https:\/\/www.radiochiloe.cl\/index.php?rest_route=\/wp\/v2\/posts\/1710\/revisions\/1712"}],"wp:featuredmedia":[{"embeddable":true,"href":"https:\/\/www.radiochiloe.cl\/index.php?rest_route=\/wp\/v2\/media\/1711"}],"wp:attachment":[{"href":"https:\/\/www.radiochiloe.cl\/index.php?rest_route=%2Fwp%2Fv2%2Fmedia&parent=1710"}],"wp:term":[{"taxonomy":"category","embeddable":true,"href":"https:\/\/www.radiochiloe.cl\/index.php?rest_route=%2Fwp%2Fv2%2Fcategories&post=1710"},{"taxonomy":"post_tag","embeddable":true,"href":"https:\/\/www.radiochiloe.cl\/index.php?rest_route=%2Fwp%2Fv2%2Ftags&post=1710"}],"curies":[{"name":"wp","href":"https:\/\/api.w.org\/{rel}","templated":true}]}}