{"id":1797,"date":"2012-06-26T07:30:53","date_gmt":"2012-06-26T11:30:53","guid":{"rendered":"http:\/\/www.radiochiloe.cl\/?p=1797"},"modified":"2012-06-25T21:56:11","modified_gmt":"2012-06-26T01:56:11","slug":"ley-de-antenas-municipios-y-vecinos-no-pueden-oponerse-a-instalacion-de-antenas","status":"publish","type":"post","link":"https:\/\/www.radiochiloe.cl\/?p=1797","title":{"rendered":"Ley de Antenas: Municipios y vecinos no pueden oponerse a instalaci\u00f3n de antenas"},"content":{"rendered":"<p style=\"text-align: justify;\">El presidente de la Comisi\u00f3n de Transporte y Telecomunicaciones de la Asociaci\u00f3n Chilena de Municipalidades (AChM), Alcalde de La Cisterna Santiago Rebolledo, solicit\u00f3 al Ministros Err\u00e1zuriz, que los municipios participen en el reglamento de la nueva Ley de Antenas, para que los barrios residenciales sean incorporados como \u201czonas sensibles\u201d, entre otros puntos.<\/p>\n<p style=\"text-align: justify;\">Rebolledo defendi\u00f3 el derecho de los vecinos y de las municipalidades expresando que \u201cvamos a pedir al gobierno y al Ministro Err\u00e1zuriz que se faculte a los municipios para que, en conjunto con los vecinos, podamos declarar cuales son las zonas sensibles, por lo que es fundamental que esto se estipule en el reglamento que regir\u00e1 esta Ley\u201d.<\/p>\n<p style=\"text-align: justify;\">Las \u201c\u00c1reas Sensibles de Protecci\u00f3n\u201d, son aquellas como establecimientos educacionales, salas cuna, hospitales, cl\u00ednicas, consultorios, hogares de ancianos, en donde al interior de estos recintos no se puede instalar antenas de ninguna altura. A su vez establece distanciamientos a cumplir para la instalaci\u00f3n en predios vecinos a estos recintos, como cuatro veces la altura de la torre, con un m\u00ednimo de 50 metros de distancia.<\/p>\n<p style=\"text-align: justify;\">Por su parte, Andrei Tchernitchin, Consejero General del Colegio M\u00e9dico de Chile y doctor de la Facultad de Medicina de la Universidad de Chile apunt\u00f3 que: \u201cEn Chile no existe un ente fiscalizador que mida los efectos de la radiaci\u00f3n electromagn\u00e9tica\u201d, agregando que como colegio m\u00e9dico fiscalizar\u00e1n la materia y entregar\u00e1n estos informes a los Municipios.<\/p>\n<p style=\"text-align: justify;\">El edil de La Cisterna, explic\u00f3 que hay pocas atribuciones en \u00e9sta Ley, y que existen cuatros puntos que dificulta la acci\u00f3n de los Municipios:<\/p>\n<p style=\"text-align: justify;\">No establece una protecci\u00f3n para zonas residenciales declar\u00e1ndolas como a\u00e9reas sensibles en donde se proh\u00edba la instalaci\u00f3n.<\/p>\n<p style=\"text-align: justify;\">No faculta a los municipios para negar y oponerse a la instalaci\u00f3n de estructuras de soporte y sus respectivas antenas.<\/p>\n<p style=\"text-align: justify;\">No entrega capacidad real a los vecinos para y oponerse a la instalaci\u00f3n de estructuras de soporte y sus respectivas antenas.<\/p>\n<p style=\"text-align: justify;\">No tiene un pronunciamiento claro con respecto a la protecci\u00f3n de la salud de las personas.<\/p>\n<p style=\"text-align: justify;\">Seg\u00fan la Ley, en las \u201cZonas de Uso Preferente\u201d, las municipalidades deber\u00e1n determinar las zonas de los bienes municipales o nacionales de uso p\u00fablico que administran, donde preferentemente se tendr\u00e1 derecho de uso para el emplazamiento de torres y soporte de antenas de m\u00e1s de doce metros de altura.<\/p>\n<p style=\"text-align: justify;\">\u201cEsto no implica una obligatoriedad para que las empresas se instalen en estas zonas, s\u00f3lo se establece como una alternativa de emplazamiento avalada por el municipio\u201d. Destac\u00f3 el presidente de la Comisi\u00f3n de Transportes y Telecomunicaciones de la AChM.<\/p>\n<p style=\"text-align: justify;\">As\u00ed mismo, Rebolledo subray\u00f3 que \u201cfinalmente las empresas deciden donde, instalar antenas, pudiendo no optar por estas zonas para emplazar las estructuras de soporte con sus respectivas antenas\u201d.<\/p>\n<p style=\"text-align: justify;\">La Ley establece tres categor\u00edas de antenas:<\/p>\n<p style=\"text-align: justify;\">1- Antenas de 3 o menos metros de altura.<\/p>\n<p style=\"text-align: justify;\">2- Antenas de m\u00e1s de 3 metros y hasta 12 metros de altura.<\/p>\n<p style=\"text-align: justify;\">3- Antenas de m\u00e1s de 12 metros de altura.<\/p>\n<p style=\"text-align: justify;\"><a href=\"http:\/\/www.radiochiloe.cl\/wp-content\/uploads\/2012\/06\/estadisticas.jpg\"><img loading=\"lazy\" class=\"alignnone size-medium wp-image-1798\" title=\"estadisticas\" src=\"http:\/\/www.radiochiloe.cl\/wp-content\/uploads\/2012\/06\/estadisticas-300x161.jpg\" alt=\"\" width=\"300\" height=\"161\" srcset=\"https:\/\/www.radiochiloe.cl\/wp-content\/uploads\/2012\/06\/estadisticas-300x160.jpg 300w, https:\/\/www.radiochiloe.cl\/wp-content\/uploads\/2012\/06\/estadisticas.jpg 650w\" sizes=\"(max-width: 300px) 100vw, 300px\" \/><\/a><\/p>\n<p style=\"text-align: justify;\">\n<p style=\"text-align: justify;\">Finalmente, el Alcalde de La Cisterna explic\u00f3 que la Ley faculta al Concejo Municipal, exclusivamente en lo relativo a la compensaci\u00f3n o modificaci\u00f3n del dise\u00f1o de la torre, pero no a la designaci\u00f3n de otros lugares para la instalaci\u00f3n de estas antenas.<\/p>\n<p style=\"text-align: justify;\">Departamento de Prensa<\/p>\n","protected":false},"excerpt":{"rendered":"<p>El presidente de la Comisi\u00f3n de Transporte y Telecomunicaciones de la Asociaci\u00f3n Chilena de Municipalidades (AChM), Alcalde de La Cisterna Santiago Rebolledo, solicit\u00f3 al Ministros Err\u00e1zuriz, que los municipios participen en el reglamento de la nueva Ley de Antenas, para que los barrios residenciales sean incorporados como \u201czonas sensibles\u201d, entre otros puntos. Rebolledo defendi\u00f3 el [&hellip;]<\/p>\n","protected":false},"author":2,"featured_media":1799,"comment_status":"open","ping_status":"open","sticky":false,"template":"","format":"standard","meta":[],"categories":[3],"tags":[5],"jetpack_featured_media_url":"https:\/\/www.radiochiloe.cl\/wp-content\/uploads\/2012\/06\/antenascelulares.jpg","_links":{"self":[{"href":"https:\/\/www.radiochiloe.cl\/index.php?rest_route=\/wp\/v2\/posts\/1797"}],"collection":[{"href":"https:\/\/www.radiochiloe.cl\/index.php?rest_route=\/wp\/v2\/posts"}],"about":[{"href":"https:\/\/www.radiochiloe.cl\/index.php?rest_route=\/wp\/v2\/types\/post"}],"author":[{"embeddable":true,"href":"https:\/\/www.radiochiloe.cl\/index.php?rest_route=\/wp\/v2\/users\/2"}],"replies":[{"embeddable":true,"href":"https:\/\/www.radiochiloe.cl\/index.php?rest_route=%2Fwp%2Fv2%2Fcomments&post=1797"}],"version-history":[{"count":3,"href":"https:\/\/www.radiochiloe.cl\/index.php?rest_route=\/wp\/v2\/posts\/1797\/revisions"}],"predecessor-version":[{"id":1802,"href":"https:\/\/www.radiochiloe.cl\/index.php?rest_route=\/wp\/v2\/posts\/1797\/revisions\/1802"}],"wp:featuredmedia":[{"embeddable":true,"href":"https:\/\/www.radiochiloe.cl\/index.php?rest_route=\/wp\/v2\/media\/1799"}],"wp:attachment":[{"href":"https:\/\/www.radiochiloe.cl\/index.php?rest_route=%2Fwp%2Fv2%2Fmedia&parent=1797"}],"wp:term":[{"taxonomy":"category","embeddable":true,"href":"https:\/\/www.radiochiloe.cl\/index.php?rest_route=%2Fwp%2Fv2%2Fcategories&post=1797"},{"taxonomy":"post_tag","embeddable":true,"href":"https:\/\/www.radiochiloe.cl\/index.php?rest_route=%2Fwp%2Fv2%2Ftags&post=1797"}],"curies":[{"name":"wp","href":"https:\/\/api.w.org\/{rel}","templated":true}]}}