{"id":1803,"date":"2012-06-26T08:00:37","date_gmt":"2012-06-26T12:00:37","guid":{"rendered":"http:\/\/www.radiochiloe.cl\/?p=1803"},"modified":"2012-06-25T21:59:55","modified_gmt":"2012-06-26T01:59:55","slug":"esta-semana-cierran-postulaciones-para-beca-municipal","status":"publish","type":"post","link":"https:\/\/www.radiochiloe.cl\/?p=1803","title":{"rendered":"Esta semana cierran postulaciones para beca municipal"},"content":{"rendered":"<p style=\"text-align: justify;\">Pocos interesados han tenido hasta el momento la beca Ilustre Municipalidad de Ancud 2012, que finaliza su proceso de postulaciones este 30 de junio.<\/p>\n<p style=\"text-align: justify;\">Al aporte del ente edilicio pueden acceder estudiantes que est\u00e9n ingresando o que cursen actualmente la educaci\u00f3n superior.<\/p>\n<p style=\"text-align: justify;\">\u201cBusca ayudar a aquellos alumnos ancuditanos con excelencia acad\u00e9mica que no tienen otro beneficio similar. La idea es que sea un apoyo en sus estudios fuera de la comuna o en las sedes universitarias locales\u201d, explic\u00f3 la asistente social Doris N\u00fa\u00f1ez.<\/p>\n<p style=\"text-align: justify;\">Dentro de los principales requisitos que deben considerar los j\u00f3venes est\u00e1 haber rendido la PAA o PSU, con 475 puntos ponderados como m\u00ednimo; presentar certificado de matr\u00edcula; fotocopia de la c\u00e9dula de identidad; no poseer otro beneficio similar; promedio escolar de primero a cuarto medio de al menos 6.0 y en universidad, instituto o CFT sobre 5.0, adem\u00e1s de acreditar que poseen una situaci\u00f3n\u00a0socio econ\u00f3mica\u00a0que amerite obtener el beneficio.<\/p>\n<p style=\"text-align: justify;\">\u201cSi pueden postular quienes posean cr\u00e9dito universitario, ya que eso es algo que tendr\u00e1n que pagar despu\u00e9s\u201d, agreg\u00f3 N\u00fa\u00f1ez.<\/p>\n<p style=\"text-align: justify;\">Los documentos se reciben en la oficina de partes del consistorio, esper\u00e1ndose presentar los antecedentes al concejo municipal la primera semana de julio para que defina los seleccionados.<\/p>\n<p style=\"text-align: justify;\">Departamento de Prensa<\/p>\n","protected":false},"excerpt":{"rendered":"<p>Pocos interesados han tenido hasta el momento la beca Ilustre Municipalidad de Ancud 2012, que finaliza su proceso de postulaciones este 30 de junio. Al aporte del ente edilicio pueden acceder estudiantes que est\u00e9n ingresando o que cursen actualmente la educaci\u00f3n superior. \u201cBusca ayudar a aquellos alumnos ancuditanos con excelencia acad\u00e9mica que no tienen otro [&hellip;]<\/p>\n","protected":false},"author":2,"featured_media":1804,"comment_status":"open","ping_status":"open","sticky":false,"template":"","format":"standard","meta":[],"categories":[3],"tags":[5],"jetpack_featured_media_url":"https:\/\/www.radiochiloe.cl\/wp-content\/uploads\/2012\/06\/becamunicipalancud.jpg","_links":{"self":[{"href":"https:\/\/www.radiochiloe.cl\/index.php?rest_route=\/wp\/v2\/posts\/1803"}],"collection":[{"href":"https:\/\/www.radiochiloe.cl\/index.php?rest_route=\/wp\/v2\/posts"}],"about":[{"href":"https:\/\/www.radiochiloe.cl\/index.php?rest_route=\/wp\/v2\/types\/post"}],"author":[{"embeddable":true,"href":"https:\/\/www.radiochiloe.cl\/index.php?rest_route=\/wp\/v2\/users\/2"}],"replies":[{"embeddable":true,"href":"https:\/\/www.radiochiloe.cl\/index.php?rest_route=%2Fwp%2Fv2%2Fcomments&post=1803"}],"version-history":[{"count":3,"href":"https:\/\/www.radiochiloe.cl\/index.php?rest_route=\/wp\/v2\/posts\/1803\/revisions"}],"predecessor-version":[{"id":1807,"href":"https:\/\/www.radiochiloe.cl\/index.php?rest_route=\/wp\/v2\/posts\/1803\/revisions\/1807"}],"wp:featuredmedia":[{"embeddable":true,"href":"https:\/\/www.radiochiloe.cl\/index.php?rest_route=\/wp\/v2\/media\/1804"}],"wp:attachment":[{"href":"https:\/\/www.radiochiloe.cl\/index.php?rest_route=%2Fwp%2Fv2%2Fmedia&parent=1803"}],"wp:term":[{"taxonomy":"category","embeddable":true,"href":"https:\/\/www.radiochiloe.cl\/index.php?rest_route=%2Fwp%2Fv2%2Fcategories&post=1803"},{"taxonomy":"post_tag","embeddable":true,"href":"https:\/\/www.radiochiloe.cl\/index.php?rest_route=%2Fwp%2Fv2%2Ftags&post=1803"}],"curies":[{"name":"wp","href":"https:\/\/api.w.org\/{rel}","templated":true}]}}