{"id":1808,"date":"2012-06-26T09:00:38","date_gmt":"2012-06-26T13:00:38","guid":{"rendered":"http:\/\/www.radiochiloe.cl\/?p=1808"},"modified":"2012-06-25T22:16:45","modified_gmt":"2012-06-26T02:16:45","slug":"un-joven-trabajador-fue-encontrado-sin-vida-en-isla-coldita-comuna-de-quellon","status":"publish","type":"post","link":"https:\/\/www.radiochiloe.cl\/?p=1808","title":{"rendered":"Un joven trabajador fue encontrado sin vida en isla Coldita comuna de Quell\u00f3n"},"content":{"rendered":"<p style=\"text-align: justify;\">El d\u00eda 24 de junio, a las 06:30 horas se recepcion\u00f3 un llamado telef\u00f3nico en la Guardia de la Capitan\u00eda de Puerto de Quell\u00f3n, informando del hallazgo de un cuerpo sin vida flotando en el sector Isla Coldita, en inmediaciones del muelle del Centro Mauchil, el cual fue rescatado por trabajadores del centro.<\/p>\n<p style=\"text-align: justify;\">Luego de dar cuenta al Fiscal del Ministerio P\u00fablico de Quell\u00f3n y de recibir las instrucciones correspondientes, se dispuso el zarpe de la Lancha de Servicios de Rescate \u201cQueitao\u201d, Unidad dependiente de la Capitan\u00eda de Puerto de Quell\u00f3n, quienes efectuaron el levantamiento del Cad\u00e1ver y su posterior trasladado hasta el muelle fiscal de Quell\u00f3n, donde el cuerpo fue desembarcado y derivado en veh\u00edculo fiscal a la Morgue del Hospital de Quell\u00f3n.<\/p>\n<p style=\"text-align: justify;\">El fallecido fue identificado como Edgardo Gonzalo Vel\u00e1squez Arismendi, trabajador de la empresa Aquachile.<\/p>\n<p style=\"text-align: justify;\">Seg\u00fan el Capit\u00e1n de Puerto de Quell\u00f3n, Claudio Vidal la informaci\u00f3n del suceso se entreg\u00f3 v\u00eda telef\u00f3nica y de forma inmediata se dispuso el procedimiento de rigor para trasladar el cuerpo hasta el puerto de la ciudad \u201ctodos los antecedentes de este hallazgo fueron remitidos al fiscal, quien determin\u00f3 que el occiso fuese derivado hasta el Servicio M\u00e9dico de Ancud para su autopsia de rigor, lo que ser\u00e1 determinante para descartar la acci\u00f3n de terceras personas\u201d sostuvo.<\/p>\n<p style=\"text-align: justify;\">Finalmente el oficial agreg\u00f3 que \u201cseg\u00fan las primeras indagaciones con testigos el cuerpo tenia amarrado un peso amarrado a su cuerpo, pero eso no nos consta, como les se\u00f1alaba anteriormente, todo es materia de investigaci\u00f3n\u201d se\u00f1al\u00f3.<\/p>\n<p style=\"text-align: justify;\">Departamento de Prensa<\/p>\n","protected":false},"excerpt":{"rendered":"<p>El d\u00eda 24 de junio, a las 06:30 horas se recepcion\u00f3 un llamado telef\u00f3nico en la Guardia de la Capitan\u00eda de Puerto de Quell\u00f3n, informando del hallazgo de un cuerpo sin vida flotando en el sector Isla Coldita, en inmediaciones del muelle del Centro Mauchil, el cual fue rescatado por trabajadores del centro. Luego de [&hellip;]<\/p>\n","protected":false},"author":2,"featured_media":1809,"comment_status":"open","ping_status":"open","sticky":false,"template":"","format":"standard","meta":[],"categories":[3],"tags":[5],"jetpack_featured_media_url":"https:\/\/www.radiochiloe.cl\/wp-content\/uploads\/2012\/06\/cadaverencontrado.jpg","_links":{"self":[{"href":"https:\/\/www.radiochiloe.cl\/index.php?rest_route=\/wp\/v2\/posts\/1808"}],"collection":[{"href":"https:\/\/www.radiochiloe.cl\/index.php?rest_route=\/wp\/v2\/posts"}],"about":[{"href":"https:\/\/www.radiochiloe.cl\/index.php?rest_route=\/wp\/v2\/types\/post"}],"author":[{"embeddable":true,"href":"https:\/\/www.radiochiloe.cl\/index.php?rest_route=\/wp\/v2\/users\/2"}],"replies":[{"embeddable":true,"href":"https:\/\/www.radiochiloe.cl\/index.php?rest_route=%2Fwp%2Fv2%2Fcomments&post=1808"}],"version-history":[{"count":2,"href":"https:\/\/www.radiochiloe.cl\/index.php?rest_route=\/wp\/v2\/posts\/1808\/revisions"}],"predecessor-version":[{"id":1811,"href":"https:\/\/www.radiochiloe.cl\/index.php?rest_route=\/wp\/v2\/posts\/1808\/revisions\/1811"}],"wp:featuredmedia":[{"embeddable":true,"href":"https:\/\/www.radiochiloe.cl\/index.php?rest_route=\/wp\/v2\/media\/1809"}],"wp:attachment":[{"href":"https:\/\/www.radiochiloe.cl\/index.php?rest_route=%2Fwp%2Fv2%2Fmedia&parent=1808"}],"wp:term":[{"taxonomy":"category","embeddable":true,"href":"https:\/\/www.radiochiloe.cl\/index.php?rest_route=%2Fwp%2Fv2%2Fcategories&post=1808"},{"taxonomy":"post_tag","embeddable":true,"href":"https:\/\/www.radiochiloe.cl\/index.php?rest_route=%2Fwp%2Fv2%2Ftags&post=1808"}],"curies":[{"name":"wp","href":"https:\/\/api.w.org\/{rel}","templated":true}]}}