{"id":1813,"date":"2012-06-26T10:16:30","date_gmt":"2012-06-26T14:16:30","guid":{"rendered":"http:\/\/www.radiochiloe.cl\/?p=1813"},"modified":"2012-06-26T10:16:30","modified_gmt":"2012-06-26T14:16:30","slug":"subsecretario-del-interior-dio-a-conocer-nombramiento-de-nueva-gobernadora-de-palena","status":"publish","type":"post","link":"https:\/\/www.radiochiloe.cl\/?p=1813","title":{"rendered":"Subsecretario del Interior dio a conocer nombramiento de nueva gobernadora de Palena"},"content":{"rendered":"<p style=\"text-align: justify;\">Mar\u00eda Clara Lazcano reemplazar\u00e1 a contar del 1 de julio a Juan Alberto P\u00e9rez, quien permanecer\u00e1 en el cargo hasta el 30 de junio.<\/p>\n<p style=\"text-align: justify;\">El subsecretario del Interior, Rodrigo Ubilla, dio a conocer esta tarde el nombramiento de la nueva gobernadora de la provincia de Palena, Mar\u00eda Clara Lazcano Fern\u00e1ndez, quien asumir\u00e1 el cargo el pr\u00f3ximo 1 de julio, en reemplazo de Juan Alberto P\u00e9rez Mu\u00f1oz, quien present\u00f3 su renuncia al cargo con fecha 30 de junio.<\/p>\n<p style=\"text-align: justify;\">Rodrigo Ubilla agradeci\u00f3 el trabajo desempe\u00f1ado por Juan Alberto P\u00e9rez como representante del Presidente de la Rep\u00fablica en esta provincia.<\/p>\n<p style=\"text-align: justify;\">Clara Lazcano, casada, de profesi\u00f3n T\u00e9cnico en Empresas y Actividades Tur\u00edsticas, se desempe\u00f1a desde octubre de 2010 hasta ahora, como jefa de Gabinete de Juan Alberto P\u00e9rez. Entre 2004 y 2007, fue secretaria de la C\u00e1mara de Turismo de Palena; y entre 2007 y 2009, presidenta de la misma organizaci\u00f3n. Entre 2005 y enero de 2009, secretaria del Comit\u00e9 de Defensa de Palena. Entre mayo y diciembre de 2008, fue tambi\u00e9n presidenta del Comit\u00e9 de Albergados de Chait\u00e9n y Futaleuf\u00fa.<\/p>\n<p style=\"text-align: justify;\">Departamento de Prensa<\/p>\n","protected":false},"excerpt":{"rendered":"<p>Mar\u00eda Clara Lazcano reemplazar\u00e1 a contar del 1 de julio a Juan Alberto P\u00e9rez, quien permanecer\u00e1 en el cargo hasta el 30 de junio. El subsecretario del Interior, Rodrigo Ubilla, dio a conocer esta tarde el nombramiento de la nueva gobernadora de la provincia de Palena, Mar\u00eda Clara Lazcano Fern\u00e1ndez, quien asumir\u00e1 el cargo el [&hellip;]<\/p>\n","protected":false},"author":2,"featured_media":1814,"comment_status":"open","ping_status":"open","sticky":false,"template":"","format":"standard","meta":[],"categories":[3],"tags":[5],"jetpack_featured_media_url":"https:\/\/www.radiochiloe.cl\/wp-content\/uploads\/2012\/06\/gobernadorapalena.jpg","_links":{"self":[{"href":"https:\/\/www.radiochiloe.cl\/index.php?rest_route=\/wp\/v2\/posts\/1813"}],"collection":[{"href":"https:\/\/www.radiochiloe.cl\/index.php?rest_route=\/wp\/v2\/posts"}],"about":[{"href":"https:\/\/www.radiochiloe.cl\/index.php?rest_route=\/wp\/v2\/types\/post"}],"author":[{"embeddable":true,"href":"https:\/\/www.radiochiloe.cl\/index.php?rest_route=\/wp\/v2\/users\/2"}],"replies":[{"embeddable":true,"href":"https:\/\/www.radiochiloe.cl\/index.php?rest_route=%2Fwp%2Fv2%2Fcomments&post=1813"}],"version-history":[{"count":1,"href":"https:\/\/www.radiochiloe.cl\/index.php?rest_route=\/wp\/v2\/posts\/1813\/revisions"}],"predecessor-version":[{"id":1815,"href":"https:\/\/www.radiochiloe.cl\/index.php?rest_route=\/wp\/v2\/posts\/1813\/revisions\/1815"}],"wp:featuredmedia":[{"embeddable":true,"href":"https:\/\/www.radiochiloe.cl\/index.php?rest_route=\/wp\/v2\/media\/1814"}],"wp:attachment":[{"href":"https:\/\/www.radiochiloe.cl\/index.php?rest_route=%2Fwp%2Fv2%2Fmedia&parent=1813"}],"wp:term":[{"taxonomy":"category","embeddable":true,"href":"https:\/\/www.radiochiloe.cl\/index.php?rest_route=%2Fwp%2Fv2%2Fcategories&post=1813"},{"taxonomy":"post_tag","embeddable":true,"href":"https:\/\/www.radiochiloe.cl\/index.php?rest_route=%2Fwp%2Fv2%2Ftags&post=1813"}],"curies":[{"name":"wp","href":"https:\/\/api.w.org\/{rel}","templated":true}]}}