{"id":1816,"date":"2012-06-26T11:10:37","date_gmt":"2012-06-26T15:10:37","guid":{"rendered":"http:\/\/www.radiochiloe.cl\/?p=1816"},"modified":"2012-06-26T11:10:37","modified_gmt":"2012-06-26T15:10:37","slug":"recuperan-especies-robadas-de-la-escuela-basica-de-puqueldon","status":"publish","type":"post","link":"https:\/\/www.radiochiloe.cl\/?p=1816","title":{"rendered":"Recuperan especies robadas de la escuela b\u00e1sica de Puqueld\u00f3n"},"content":{"rendered":"<p style=\"text-align: justify;\">Recordemos que cuando reci\u00e9n se iniciaba el mes de junio, antisociales sustrajeron diferentes especies de valor de la escuela b\u00e1sica de Puqueld\u00f3n, entre ellas, alimento y material tecnol\u00f3gico que fue evaluado en un mill\u00f3n de pesos aproximadamente.<\/p>\n<p style=\"text-align: justify;\">En ese momento este il\u00edcito fue descubierto por los funcionarios del establecimiento educacional, quienes luego de percatarse que los delincuentes ingresaron por una ventana ubicada en la parte trasera del establecimiento educaci\u00f3n, dieron aviso inmediato a los directivos del colegio y a Carabineros del Reten de Puqueld\u00f3n. En ese momento la misma comunidad educativa hacia un llamado a la comunidad a denunciar cualquier se\u00f1al de los delincuentes que huyeron con este cuantioso bot\u00edn.<\/p>\n<p style=\"text-align: justify;\">Luego de una ardua investigaci\u00f3n, Carabineros de la comuna de Puqueld\u00f3n, dio con los delincuentes el pasado lunes 25 de junio, llegando hasta el sector de Pindal, donde desde un domicilio se incautar diferentes especies de valor.<\/p>\n<p style=\"text-align: justify;\">Carabineros luego del procedimiento de rigor pudo detener a dos personas identificadas como V.M.C.C, de 33 a\u00f1os con antecedentes policiales, y su conviviente de tan solo 17 a\u00f1os de iniciales M.F.H.T.<\/p>\n<p style=\"text-align: justify;\">El alcalde de la comuna de Puqueld\u00f3n, Elson C\u00e1rcamo se\u00f1al\u00f3 que lamenta profundamente este hecho ya que se tratan de j\u00f3venes que incluso han estudiado en las dependencias de estos establecimientos \u201csiempre se ha tenido la confianza que los lemuyanos son personas honradas y estos hechos dejan un sabor muy amargo\u201d sostuvo.<\/p>\n<p style=\"text-align: justify;\">La autoridad agreg\u00f3 que agradece las pesquisas realizadas por el personal uniformado que dio con estos delincuentes que pose\u00edan una gran cantidad de especies en su poder \u201cagradezco el procedimiento de Carabineros de Puqueld\u00f3n, dirigido por el suboficial Pinochet, quienes han mostrado m\u00e1s all\u00e1 de su trabajo una eficiencia y premura en su investigaci\u00f3n\u201d dijo.<\/p>\n<p style=\"text-align: justify;\">Adem\u00e1s apunt\u00f3 que se estudiara una posible demanda por parte del municipio o de la Corporaci\u00f3n de Educaci\u00f3n, pero todo eso esta supeditado luego de conocer la impresi\u00f3n del Concejo Municipal en la pr\u00f3xima sesi\u00f3n.<\/p>\n<p style=\"text-align: justify;\">Departamento de Prensa<\/p>\n","protected":false},"excerpt":{"rendered":"<p>Recordemos que cuando reci\u00e9n se iniciaba el mes de junio, antisociales sustrajeron diferentes especies de valor de la escuela b\u00e1sica de Puqueld\u00f3n, entre ellas, alimento y material tecnol\u00f3gico que fue evaluado en un mill\u00f3n de pesos aproximadamente. En ese momento este il\u00edcito fue descubierto por los funcionarios del establecimiento educacional, quienes luego de percatarse que [&hellip;]<\/p>\n","protected":false},"author":2,"featured_media":1817,"comment_status":"open","ping_status":"open","sticky":false,"template":"","format":"standard","meta":[],"categories":[3],"tags":[5],"jetpack_featured_media_url":"https:\/\/www.radiochiloe.cl\/wp-content\/uploads\/2012\/06\/robolemuy.jpg","_links":{"self":[{"href":"https:\/\/www.radiochiloe.cl\/index.php?rest_route=\/wp\/v2\/posts\/1816"}],"collection":[{"href":"https:\/\/www.radiochiloe.cl\/index.php?rest_route=\/wp\/v2\/posts"}],"about":[{"href":"https:\/\/www.radiochiloe.cl\/index.php?rest_route=\/wp\/v2\/types\/post"}],"author":[{"embeddable":true,"href":"https:\/\/www.radiochiloe.cl\/index.php?rest_route=\/wp\/v2\/users\/2"}],"replies":[{"embeddable":true,"href":"https:\/\/www.radiochiloe.cl\/index.php?rest_route=%2Fwp%2Fv2%2Fcomments&post=1816"}],"version-history":[{"count":2,"href":"https:\/\/www.radiochiloe.cl\/index.php?rest_route=\/wp\/v2\/posts\/1816\/revisions"}],"predecessor-version":[{"id":1819,"href":"https:\/\/www.radiochiloe.cl\/index.php?rest_route=\/wp\/v2\/posts\/1816\/revisions\/1819"}],"wp:featuredmedia":[{"embeddable":true,"href":"https:\/\/www.radiochiloe.cl\/index.php?rest_route=\/wp\/v2\/media\/1817"}],"wp:attachment":[{"href":"https:\/\/www.radiochiloe.cl\/index.php?rest_route=%2Fwp%2Fv2%2Fmedia&parent=1816"}],"wp:term":[{"taxonomy":"category","embeddable":true,"href":"https:\/\/www.radiochiloe.cl\/index.php?rest_route=%2Fwp%2Fv2%2Fcategories&post=1816"},{"taxonomy":"post_tag","embeddable":true,"href":"https:\/\/www.radiochiloe.cl\/index.php?rest_route=%2Fwp%2Fv2%2Ftags&post=1816"}],"curies":[{"name":"wp","href":"https:\/\/api.w.org\/{rel}","templated":true}]}}