{"id":1832,"date":"2012-06-26T15:19:38","date_gmt":"2012-06-26T19:19:38","guid":{"rendered":"http:\/\/www.radiochiloe.cl\/?p=1832"},"modified":"2012-06-26T15:19:38","modified_gmt":"2012-06-26T19:19:38","slug":"se-celebro-el-dia-internacional-de-la-prevencion-del-consumo-de-drogas-y-el-alcohol","status":"publish","type":"post","link":"https:\/\/www.radiochiloe.cl\/?p=1832","title":{"rendered":"Se celebr\u00f3 el D\u00eda Internacional de la Prevenci\u00f3n del consumo de Drogas y el Alcohol"},"content":{"rendered":"<p style=\"text-align: justify;\">Con m\u00e1s de 400 ni\u00f1os por evento provincial el Servicio Nacional para la Prevenci\u00f3n y Rehabilitaci\u00f3n en el Consumo de Drogas y Alcohol (SENDA) celebr\u00f3 con \u00e9xito en las 3 capitales provinciales (Castro- Osorno y Puerto Montt) \u201cEl D\u00eda Internacional de la Prevenci\u00f3n del Consumo de Drogas\u201d.<\/p>\n<p style=\"text-align: justify;\">Con el concepto central de \u201cCelebremos hoy el trabajo de todo el a\u00f1o\u201d, Senda Los Lagos quiso destacar, a trav\u00e9s del d\u00eda de la prevenci\u00f3n, las acciones que de manera sistem\u00e1tica y continua se realizan a nivel regional y comunal a trav\u00e9s de las oficinas Previenes; a nivel escolar, comunitario, con las familias, en los lugares de trabajo, y a trav\u00e9s de diversos programas permanentes que SENDA implementa en las 12 comunas de la regi\u00f3n (nombrar comunas donde est\u00e1n instalados los previenes).<\/p>\n<p style=\"text-align: justify;\">Contamos con una nueva institucionalidad que nos permite dar respuesta al uso problem\u00e1tico de drogas y alcohol y sus problemas asociados.<\/p>\n<p style=\"text-align: justify;\">SENDA sigue dos grandes l\u00edneas: En el \u00e1rea de prevenci\u00f3n y en el \u00e1rea de tratamiento. En prevenci\u00f3n, se enfoca fuertemente en el \u00e1mbito escolar. Cuenta con los siguientes programas: \u2013 ACTITUD- Textos escolares con contenido de autocuidado y prevenci\u00f3n de consumo que abarca desde la educaci\u00f3n b\u00e1sica hasta la ense\u00f1anza media, y que tiene como objetivo disminuir los factores de riesgo y aumentar los factores protectores, de acuerdo a cada una de las etapas del desarrollo de los escolares. \u201cEn Busca del Tesoro\u201d, texto dirigido a ni\u00f1os y ni\u00f1as pre-escolares; \u201cChile Previene en la Escuela\u201d, que tiene como objetivo articular las oferta de programas de promoci\u00f3n y prevenci\u00f3n, y promover la generaci\u00f3n de programas preventivos en donde se encuentren vac\u00edos o deficiencias, \u201cA Tiempo\u201d, y \u201cCertificaci\u00f3n de establecimientos educacionales preventivos\u201d, que busca facilitar la instalaci\u00f3n de una \u201ccultura preventiva\u201d al interior de las comunidades educativas.<\/p>\n<p style=\"text-align: justify;\">En el \u00e1rea laboral Senda tambi\u00e9n trabaja fuertemente para combatir el flagelo de la droga y el alcohol, a trav\u00e9s de su programa \u201cTrabajar con Calidad de Vida\u201d, que es una metodolog\u00eda de prevenci\u00f3n del consumo de drogas y alcohol en espacios laborales, que contribuye a mejorar la calidad de vida laboral y desarrollar una cultura preventiva al interior del lugar de trabajo.<\/p>\n<p style=\"text-align: justify;\">Senda adem\u00e1s implement\u00f3 como un gran desaf\u00edo, en marzo de este a\u00f1o, el primer programa de prevenci\u00f3n del consumo de alcohol en la conducci\u00f3n \u201cControl Cero Alcohol\u201d, el que junto a Carabineros busca reducir los accidentes de tr\u00e1nsito motivados por esta causa.<\/p>\n<p style=\"text-align: justify;\">En el \u00e1rea de tratamiento Senda cuenta con 11 centros en la Regi\u00f3n y trabaja en dos l\u00edneas; con poblaci\u00f3n adulta mayor de 20 a\u00f1os y con poblaci\u00f3n adolescente infractores de ley. En el primer caso Senda ofrece en forma gratuita alternativas de tratamiento a personas mayores de 20 a\u00f1os afiliadas a Fonasa y que presenten problemas de drogas, dependiendo de la evaluaci\u00f3n que realice un equipo profesional, el usuario puede acceder a los siguientes sistemas de tratamiento: (Residencial, Ambulatorio intensivo, Ambulatorio b\u00e1sico). En poblaci\u00f3n adolescente infractora de ley, Senda brinda un programa de tratamiento para adolescentes con consumo problem\u00e1tico de alcohol y drogas que han cometido infracci\u00f3n de ley.<\/p>\n<p style=\"text-align: justify;\">Agradecemos a todos los actores de la comunidad, que directa o indirectamente, junto a Senda, trabajamos por la Prevenci\u00f3n y Tratamiento en materias de Drogas y Alcohol. Nos alegramos de celebrar el D\u00eda de la Prevenci\u00f3n y los invitamos a que cada uno de nosotros, desde su propio \u00e1mbito, sigamos trabajando en ello.<\/p>\n<p style=\"text-align: justify;\">Departamento de Prensa<\/p>\n","protected":false},"excerpt":{"rendered":"<p>Con m\u00e1s de 400 ni\u00f1os por evento provincial el Servicio Nacional para la Prevenci\u00f3n y Rehabilitaci\u00f3n en el Consumo de Drogas y Alcohol (SENDA) celebr\u00f3 con \u00e9xito en las 3 capitales provinciales (Castro- Osorno y Puerto Montt) \u201cEl D\u00eda Internacional de la Prevenci\u00f3n del Consumo de Drogas\u201d. Con el concepto central de \u201cCelebremos hoy el [&hellip;]<\/p>\n","protected":false},"author":2,"featured_media":1833,"comment_status":"open","ping_status":"open","sticky":false,"template":"","format":"standard","meta":[],"categories":[3],"tags":[5],"jetpack_featured_media_url":"https:\/\/www.radiochiloe.cl\/wp-content\/uploads\/2012\/06\/sendapoli.jpg","_links":{"self":[{"href":"https:\/\/www.radiochiloe.cl\/index.php?rest_route=\/wp\/v2\/posts\/1832"}],"collection":[{"href":"https:\/\/www.radiochiloe.cl\/index.php?rest_route=\/wp\/v2\/posts"}],"about":[{"href":"https:\/\/www.radiochiloe.cl\/index.php?rest_route=\/wp\/v2\/types\/post"}],"author":[{"embeddable":true,"href":"https:\/\/www.radiochiloe.cl\/index.php?rest_route=\/wp\/v2\/users\/2"}],"replies":[{"embeddable":true,"href":"https:\/\/www.radiochiloe.cl\/index.php?rest_route=%2Fwp%2Fv2%2Fcomments&post=1832"}],"version-history":[{"count":3,"href":"https:\/\/www.radiochiloe.cl\/index.php?rest_route=\/wp\/v2\/posts\/1832\/revisions"}],"predecessor-version":[{"id":1836,"href":"https:\/\/www.radiochiloe.cl\/index.php?rest_route=\/wp\/v2\/posts\/1832\/revisions\/1836"}],"wp:featuredmedia":[{"embeddable":true,"href":"https:\/\/www.radiochiloe.cl\/index.php?rest_route=\/wp\/v2\/media\/1833"}],"wp:attachment":[{"href":"https:\/\/www.radiochiloe.cl\/index.php?rest_route=%2Fwp%2Fv2%2Fmedia&parent=1832"}],"wp:term":[{"taxonomy":"category","embeddable":true,"href":"https:\/\/www.radiochiloe.cl\/index.php?rest_route=%2Fwp%2Fv2%2Fcategories&post=1832"},{"taxonomy":"post_tag","embeddable":true,"href":"https:\/\/www.radiochiloe.cl\/index.php?rest_route=%2Fwp%2Fv2%2Ftags&post=1832"}],"curies":[{"name":"wp","href":"https:\/\/api.w.org\/{rel}","templated":true}]}}