{"id":1837,"date":"2012-06-26T15:28:03","date_gmt":"2012-06-26T19:28:03","guid":{"rendered":"http:\/\/www.radiochiloe.cl\/?p=1837"},"modified":"2012-06-26T15:28:03","modified_gmt":"2012-06-26T19:28:03","slug":"certificados","status":"publish","type":"post","link":"https:\/\/www.radiochiloe.cl\/?p=1837","title":{"rendered":"CERTIFICADOS"},"content":{"rendered":"<p style=\"text-align: justify;\">Como un gran orgullo para quienes han trabajado por a\u00f1os en radioemisoras de Chilo\u00e9, calific\u00f3 el Director Gerente de Radio Chilo\u00e9 y MRG, Milton Sep\u00falveda, la certificaci\u00f3n de competencias laborales que recibieron este lunes 25 trabajadores radiales.<\/p>\n<p style=\"text-align: justify;\">Indic\u00f3 que en el caso de Radio Chilo\u00e9, 17 fueron los funcionarios que recibieron esta certificaci\u00f3n, producto de una evaluaci\u00f3n de competencias laborales realizadas en el mes de Enero de este a\u00f1o, para determinar si los trabajadores son competentes o no en la labor que realizan a diario en esta emisora.<\/p>\n<p style=\"text-align: justify;\">Agreg\u00f3 que con la entrega de esta certificaci\u00f3n, los funcionarios se encuentran validados por un organismo del Estado como es el Sence y tambi\u00e9n Chile Valora, en el sentido que los trabajadores han sido catalogados como competentes para realizar sus funciones.<\/p>\n<p style=\"text-align: justify;\">Milton Sep\u00falveda, record\u00f3 que hay funcionarios con 20, 35 o 40 a\u00f1os trabajando en Radio Chilo\u00e9, lo que es motivo de orgullo que se le valide este oficio que han desarrollado por tanto tiempo, lo que los convierte en profesionales.<\/p>\n<p style=\"text-align: justify;\">Manifest\u00f3 que para Radio Chilo\u00e9 y MRG, la certificaci\u00f3n de sus trabajadores es uno de los 4 acontecimientos que destacan durante el primer semestre de este a\u00f1o, recordando que el primero fue la entrega del premio de Extensi\u00f3n Cultural que otorga la Municipalidad de Castro en febrero pasado y posteriormente el premio de la Red Provincial de Cultura en abril.<\/p>\n<p style=\"text-align: justify;\">A ello se suma las celebraciones de los 50 a\u00f1os de Radio Chilo\u00e9, el pasado 10 de Junio, lo que se viene a coronar ahora con la certificaci\u00f3n de sus 17 trabajadores, por parte del Sence y de la Asociaci\u00f3n de Radiodifusores de Chile, Archi.<\/p>\n<p style=\"text-align: justify;\">Agreg\u00f3 que los trabajadores de Radio Chilo\u00e9 y MRG al ser acreditados como profesionales, tambi\u00e9n significa nuevos desaf\u00edos para estas casas radiales, en el sentido de ser m\u00e1s rigurosos en el desempe\u00f1o y en entregar un mejor servicio a la comunidad en diversos \u00e1mbitos.<\/p>\n<p style=\"text-align: justify;\">Finalmente Sep\u00falveda felicit\u00f3 a los funcionarios de Radio Chilo\u00e9 y MRG por su acreditaci\u00f3n profesional, a\u00f1adiendo que pronto viene un nuevo proceso de certificaci\u00f3n para trabajadores de otras emisoras de la provincia, que no participaron de este primer proceso.<\/p>\n<p style=\"text-align: justify;\">Cabe indicar que en Radio Chilo\u00e9 y MRG, los 17 funcionarios que fueron certificados, se desempe\u00f1an en las \u00e1reas administrativas, producci\u00f3n radial y \u00e1rea t\u00e9cnica, donde figuran, promotores de venta, secretaria, radio-controladores, locutores, reporteros de prensa, comentaristas y relatores.<\/p>\n<p style=\"text-align: justify;\">Departamento de Prensa<\/p>\n","protected":false},"excerpt":{"rendered":"<p>Como un gran orgullo para quienes han trabajado por a\u00f1os en radioemisoras de Chilo\u00e9, calific\u00f3 el Director Gerente de Radio Chilo\u00e9 y MRG, Milton Sep\u00falveda, la certificaci\u00f3n de competencias laborales que recibieron este lunes 25 trabajadores radiales. Indic\u00f3 que en el caso de Radio Chilo\u00e9, 17 fueron los funcionarios que recibieron esta certificaci\u00f3n, producto de [&hellip;]<\/p>\n","protected":false},"author":2,"featured_media":1838,"comment_status":"open","ping_status":"open","sticky":false,"template":"","format":"standard","meta":[],"categories":[3],"tags":[5],"jetpack_featured_media_url":"https:\/\/www.radiochiloe.cl\/wp-content\/uploads\/2012\/06\/certificacion1.jpg","_links":{"self":[{"href":"https:\/\/www.radiochiloe.cl\/index.php?rest_route=\/wp\/v2\/posts\/1837"}],"collection":[{"href":"https:\/\/www.radiochiloe.cl\/index.php?rest_route=\/wp\/v2\/posts"}],"about":[{"href":"https:\/\/www.radiochiloe.cl\/index.php?rest_route=\/wp\/v2\/types\/post"}],"author":[{"embeddable":true,"href":"https:\/\/www.radiochiloe.cl\/index.php?rest_route=\/wp\/v2\/users\/2"}],"replies":[{"embeddable":true,"href":"https:\/\/www.radiochiloe.cl\/index.php?rest_route=%2Fwp%2Fv2%2Fcomments&post=1837"}],"version-history":[{"count":3,"href":"https:\/\/www.radiochiloe.cl\/index.php?rest_route=\/wp\/v2\/posts\/1837\/revisions"}],"predecessor-version":[{"id":1841,"href":"https:\/\/www.radiochiloe.cl\/index.php?rest_route=\/wp\/v2\/posts\/1837\/revisions\/1841"}],"wp:featuredmedia":[{"embeddable":true,"href":"https:\/\/www.radiochiloe.cl\/index.php?rest_route=\/wp\/v2\/media\/1838"}],"wp:attachment":[{"href":"https:\/\/www.radiochiloe.cl\/index.php?rest_route=%2Fwp%2Fv2%2Fmedia&parent=1837"}],"wp:term":[{"taxonomy":"category","embeddable":true,"href":"https:\/\/www.radiochiloe.cl\/index.php?rest_route=%2Fwp%2Fv2%2Fcategories&post=1837"},{"taxonomy":"post_tag","embeddable":true,"href":"https:\/\/www.radiochiloe.cl\/index.php?rest_route=%2Fwp%2Fv2%2Ftags&post=1837"}],"curies":[{"name":"wp","href":"https:\/\/api.w.org\/{rel}","templated":true}]}}