{"id":1842,"date":"2012-06-27T07:00:18","date_gmt":"2012-06-27T11:00:18","guid":{"rendered":"http:\/\/www.radiochiloe.cl\/?p=1842"},"modified":"2012-06-26T15:36:20","modified_gmt":"2012-06-26T19:36:20","slug":"sernatur-los-lagos-y-seremi-de-educacion-lanzan-concurso-de-cortometrajes-para-estudiantes-de-la-region","status":"publish","type":"post","link":"https:\/\/www.radiochiloe.cl\/?p=1842","title":{"rendered":"Sernatur Los Lagos y Seremi de Educaci\u00f3n lanzan concurso de cortometrajes para estudiantes de la Regi\u00f3n"},"content":{"rendered":"<p style=\"text-align: justify;\">\u00abYo soy Anfitri\u00f3n de Mi Regi\u00f3n de Los Lagos\u201d, es el nombre del concurso que Sernatur Los Lagos, en conjunto con la Serem\u00eda de Educaci\u00f3n lanzaron esta ma\u00f1ana en la Escuela argentina N\u00famero 2 de Puerto Montt.<\/p>\n<p style=\"text-align: justify;\">La actividad, dirigida a estudiantes de 7mo a 2do medio busca fortalecer la conciencia tur\u00edstica y generar sentido de pertenencia entre los ni\u00f1os y j\u00f3venes de la Regi\u00f3n de Los Lagos.<\/p>\n<p style=\"text-align: justify;\">El Seremi de Educaci\u00f3n de Los Lagos, Carlos Mu\u00f1oz, llam\u00f3 a los j\u00f3venes a interiorizarse de los atractivos tur\u00edsticos de la zona. \u201cEste concurso les permitir\u00e1 no s\u00f3lo optar a los premios correspondientes, sino que tambi\u00e9n les dar\u00e1 la oportunidad de conocer mejor los principales hitos patrimoniales de sus comunas. Mientras m\u00e1s temprano inculcamos en los ni\u00f1os y j\u00f3venes el inter\u00e9s por su entorno, m\u00e1s internalizados quedar\u00e1n estos valores de respeto a la historia y la cultura en ellos\u201d, se\u00f1al\u00f3 la autoridad regional.<\/p>\n<p style=\"text-align: justify;\">Para el Director Regional de Sernatur Fernando Ort\u00fazar, \u201cesta es una actividad in\u00e9dita que sin duda contribuir\u00e1 a que los ni\u00f1os puedan conocer y valorar el patrimonio comunal de su entorno, generar identidad y a su vez, motivarlos a ser buenos anfitriones de sus lugares o eventos, fiestas religiosas, costumbristas etc.\u201d, dijo.<\/p>\n<p style=\"text-align: justify;\">El directivo agreg\u00f3 que \u201cqueremos potenciar la creatividad y manejo de los recursos audiovisuales como forma de expresi\u00f3n de ideas para los j\u00f3venes\u201d.<\/p>\n<p style=\"text-align: justify;\">Asimismo, destac\u00f3 que esto va de la mano con un material que se est\u00e1 entregando a trav\u00e9s de la Seremi de Educaci\u00f3n para ir incorporando contenidos tur\u00edsticos dentro de las mallas curriculares de los establecimientos y as\u00ed los ni\u00f1os puedan ir reconociendo su pa\u00eds como un pa\u00eds tur\u00edstico e ir motivando el cambio cultural que necesitamos para poder realmente dar pasos m\u00e1s grandes en el turismo.<\/p>\n<p style=\"text-align: justify;\">Entre otras caracter\u00edsticas, la duraci\u00f3n m\u00e1xima ser\u00e1 de tres minutos, incluyendo los t\u00edtulos y dem\u00e1s cr\u00e9ditos, sin ning\u00fan margen de tolerancia. Su formato deber\u00e1 entregarse en DVD, norma NTSC sin codificaci\u00f3n de zona y ning\u00fan bloqueo t\u00e9cnico que impida su copiado, una segunda opci\u00f3n ser\u00e1 entregar un pendrive con el material requerido.<\/p>\n<p style=\"text-align: justify;\">Solo se aceptar\u00e1n cortometrajes que vengan apoyados por los establecimientos educacionales, los cuales deber\u00e1n entregados o enviados v\u00eda correo certificado en las oficinas de SERNATUR Regional en Avenida D\u00e9cima Regi\u00f3n 480 ed. Anexo piso 2, tambi\u00e9n es posible entregar el material en las oficinas provinciales de SERNATUR, para mayor informaci\u00f3n de puntos de entrega comunicarse al fono 065-254580.<\/p>\n<p style=\"text-align: justify;\">Las bases se encuentran disponibles en el sitio web www.loslagosestuyo.cl<\/p>\n<p style=\"text-align: justify;\">Un jurado realizar\u00e1 la selecci\u00f3n de los videos semi finalistas por provincia (3 de cada una, es decir, un total de 12 por categor\u00eda), estos se subir\u00e1n a un sitio web en el cual el p\u00fablico general votar\u00e1 por su favorito.<br \/>\nHabr\u00e1n tres lugares por categor\u00eda, todos los participantes que obtengan lugar en el concurso recibir\u00e1n premios y diplomas, al igual que sus profesores gu\u00eda.<\/p>\n<p style=\"text-align: justify;\">Los premios de los estudiantes consistir\u00e1n en un premio tecnol\u00f3gico y la visita a hitos tur\u00edsticos regionales. La premiaci\u00f3n se realizar\u00e1 el 27 de septiembre, d\u00eda mundial del turismo.<\/p>\n<p style=\"text-align: justify;\">Departamento de Prensa<\/p>\n","protected":false},"excerpt":{"rendered":"<p>\u00abYo soy Anfitri\u00f3n de Mi Regi\u00f3n de Los Lagos\u201d, es el nombre del concurso que Sernatur Los Lagos, en conjunto con la Serem\u00eda de Educaci\u00f3n lanzaron esta ma\u00f1ana en la Escuela argentina N\u00famero 2 de Puerto Montt. La actividad, dirigida a estudiantes de 7mo a 2do medio busca fortalecer la conciencia tur\u00edstica y generar sentido [&hellip;]<\/p>\n","protected":false},"author":2,"featured_media":1843,"comment_status":"open","ping_status":"open","sticky":false,"template":"","format":"standard","meta":[],"categories":[3],"tags":[5],"jetpack_featured_media_url":"https:\/\/www.radiochiloe.cl\/wp-content\/uploads\/2012\/06\/sernatureducacion.jpg","_links":{"self":[{"href":"https:\/\/www.radiochiloe.cl\/index.php?rest_route=\/wp\/v2\/posts\/1842"}],"collection":[{"href":"https:\/\/www.radiochiloe.cl\/index.php?rest_route=\/wp\/v2\/posts"}],"about":[{"href":"https:\/\/www.radiochiloe.cl\/index.php?rest_route=\/wp\/v2\/types\/post"}],"author":[{"embeddable":true,"href":"https:\/\/www.radiochiloe.cl\/index.php?rest_route=\/wp\/v2\/users\/2"}],"replies":[{"embeddable":true,"href":"https:\/\/www.radiochiloe.cl\/index.php?rest_route=%2Fwp%2Fv2%2Fcomments&post=1842"}],"version-history":[{"count":2,"href":"https:\/\/www.radiochiloe.cl\/index.php?rest_route=\/wp\/v2\/posts\/1842\/revisions"}],"predecessor-version":[{"id":1845,"href":"https:\/\/www.radiochiloe.cl\/index.php?rest_route=\/wp\/v2\/posts\/1842\/revisions\/1845"}],"wp:featuredmedia":[{"embeddable":true,"href":"https:\/\/www.radiochiloe.cl\/index.php?rest_route=\/wp\/v2\/media\/1843"}],"wp:attachment":[{"href":"https:\/\/www.radiochiloe.cl\/index.php?rest_route=%2Fwp%2Fv2%2Fmedia&parent=1842"}],"wp:term":[{"taxonomy":"category","embeddable":true,"href":"https:\/\/www.radiochiloe.cl\/index.php?rest_route=%2Fwp%2Fv2%2Fcategories&post=1842"},{"taxonomy":"post_tag","embeddable":true,"href":"https:\/\/www.radiochiloe.cl\/index.php?rest_route=%2Fwp%2Fv2%2Ftags&post=1842"}],"curies":[{"name":"wp","href":"https:\/\/api.w.org\/{rel}","templated":true}]}}