{"id":1851,"date":"2012-06-27T09:00:19","date_gmt":"2012-06-27T13:00:19","guid":{"rendered":"http:\/\/www.radiochiloe.cl\/?p=1851"},"modified":"2012-06-26T17:37:34","modified_gmt":"2012-06-26T21:37:34","slug":"con-un-gran-encuentro-cultural-se-dara-apoyo-al-destacado-musico-local-jorge-cespedes","status":"publish","type":"post","link":"https:\/\/www.radiochiloe.cl\/?p=1851","title":{"rendered":"Con un gran encuentro cultural se dar\u00e1 apoyo al destacado m\u00fasico local Jorge C\u00e9spedes"},"content":{"rendered":"<p style=\"text-align: justify;\">Conmocionado se encuentra el mundo de la cultura despu\u00e9s de todos los lamentables sucesos que han protagonizado distintitas personalidades del mundo cultural. Uno de ellos es Jorge C\u00e9spedes, m\u00fasico que ha participado en numerosas agrupaciones como el Grupo Pueblo, En3cuerdas y otros proyectos art\u00edsticos. \u00c9l se encuentra atravesando por un delicado estado de salud que lo tiene internado en el Hospital de Puerto Montt.<\/p>\n<p style=\"text-align: justify;\">El jueves 28 de junio se realizar\u00e1 un gran acto solidario denominado \u201cArtistas por una causa: gran minga por Jorge\u201d donde distintos actores culturales se reunir\u00e1n en torno a la m\u00fasica, la danza, el canto y el arte en general para apoyar a este artista local. La cita es a las 19:30 hrs. en el Auditorio del Centro Cultural, con una adhesi\u00f3n de 2 mil pesos para reunir fondos que vayan en su ayuda. A lo anterior se sumar\u00e1n remates de libros, pinturas, discos y otros bienes culturales.<\/p>\n<p style=\"text-align: justify;\">Los esperamos en esta gran cita cultural solidaria.<\/p>\n<p style=\"text-align: justify;\">Departamento de Prensa<\/p>\n","protected":false},"excerpt":{"rendered":"<p>Conmocionado se encuentra el mundo de la cultura despu\u00e9s de todos los lamentables sucesos que han protagonizado distintitas personalidades del mundo cultural. Uno de ellos es Jorge C\u00e9spedes, m\u00fasico que ha participado en numerosas agrupaciones como el Grupo Pueblo, En3cuerdas y otros proyectos art\u00edsticos. \u00c9l se encuentra atravesando por un delicado estado de salud que [&hellip;]<\/p>\n","protected":false},"author":2,"featured_media":1852,"comment_status":"open","ping_status":"open","sticky":false,"template":"","format":"standard","meta":[],"categories":[3],"tags":[5],"jetpack_featured_media_url":"https:\/\/www.radiochiloe.cl\/wp-content\/uploads\/2012\/06\/showartistico.jpg","_links":{"self":[{"href":"https:\/\/www.radiochiloe.cl\/index.php?rest_route=\/wp\/v2\/posts\/1851"}],"collection":[{"href":"https:\/\/www.radiochiloe.cl\/index.php?rest_route=\/wp\/v2\/posts"}],"about":[{"href":"https:\/\/www.radiochiloe.cl\/index.php?rest_route=\/wp\/v2\/types\/post"}],"author":[{"embeddable":true,"href":"https:\/\/www.radiochiloe.cl\/index.php?rest_route=\/wp\/v2\/users\/2"}],"replies":[{"embeddable":true,"href":"https:\/\/www.radiochiloe.cl\/index.php?rest_route=%2Fwp%2Fv2%2Fcomments&post=1851"}],"version-history":[{"count":1,"href":"https:\/\/www.radiochiloe.cl\/index.php?rest_route=\/wp\/v2\/posts\/1851\/revisions"}],"predecessor-version":[{"id":1853,"href":"https:\/\/www.radiochiloe.cl\/index.php?rest_route=\/wp\/v2\/posts\/1851\/revisions\/1853"}],"wp:featuredmedia":[{"embeddable":true,"href":"https:\/\/www.radiochiloe.cl\/index.php?rest_route=\/wp\/v2\/media\/1852"}],"wp:attachment":[{"href":"https:\/\/www.radiochiloe.cl\/index.php?rest_route=%2Fwp%2Fv2%2Fmedia&parent=1851"}],"wp:term":[{"taxonomy":"category","embeddable":true,"href":"https:\/\/www.radiochiloe.cl\/index.php?rest_route=%2Fwp%2Fv2%2Fcategories&post=1851"},{"taxonomy":"post_tag","embeddable":true,"href":"https:\/\/www.radiochiloe.cl\/index.php?rest_route=%2Fwp%2Fv2%2Ftags&post=1851"}],"curies":[{"name":"wp","href":"https:\/\/api.w.org\/{rel}","templated":true}]}}