{"id":1854,"date":"2012-06-27T09:30:12","date_gmt":"2012-06-27T13:30:12","guid":{"rendered":"http:\/\/www.radiochiloe.cl\/?p=1854"},"modified":"2012-06-26T21:35:14","modified_gmt":"2012-06-27T01:35:14","slug":"ex-gobernador-de-palena-lanza-duras-criticas-a-la-actual-administracion-de-dalcahue","status":"publish","type":"post","link":"https:\/\/www.radiochiloe.cl\/?p=1854","title":{"rendered":"Ex Gobernador de Palena lanza duras cr\u00edticas a la actual administraci\u00f3n de Dalcahue"},"content":{"rendered":"<p style=\"text-align: justify;\">Las campa\u00f1as pol\u00edticas para las pr\u00f3ximas elecciones municipales al parecer ya comienzan en distintos puntos de la provincia de Chilo\u00e9, sobre todo en la comuna de Dalcahue, donde la batalla por el sill\u00f3n alcaldicio se cimienta con una dura cr\u00edtica que lanz\u00f3 recientemente, en una entrevista exclusiva a Radio Chilo\u00e9, el ya renunciado digamos, ex Gobernador de Palena, Juan Alberto P\u00e9rez.<\/p>\n<p style=\"text-align: justify;\">En la ocasi\u00f3n el actual candidato al municipio dalcahuino expres\u00f3 que muchas personas le han solicitado su regreso a Dalcahue \u201cen el \u00faltimo a\u00f1o, la comunidad me ha solicitado con insistencia que me presente como candidato ha alcalde, no solo por lo que desarrollamos bajo mi mandato en a\u00f1os anteriores, sino porque en el \u00faltimo tiempo la actual administraci\u00f3n esta pasando por muchas dificultades\u201d se\u00f1al\u00f3.<\/p>\n<p style=\"text-align: justify;\">Juan Alberto P\u00e9rez agreg\u00f3 que \u201cla gente ve y aspira que, con una administraci\u00f3n como la que tuvimos nosotros se pudiese mejorar la cara, la inversi\u00f3n interna y prestar un mejor servicio a la comunidad en cada una de la \u00e1reas, la educaci\u00f3n, salud, las dificultades que presenta los programas rurales y ese es el objetivo de fondo\u201d sentenci\u00f3.<\/p>\n<p style=\"text-align: justify;\">El ex Gobernador de Palena se\u00f1al\u00f3 que su decisi\u00f3n fue confirmada en plena \u00e9poca estival cuando asisti\u00f3 a una actividad al Parque Teguel, donde pudo conversar con varios dirigentes \u201chablamos de algunos temas de inter\u00e9s y manifest\u00e9 mi decisi\u00f3n de volver a Dalcahue, pero no fue una determinaci\u00f3n clara porque, uno propone y Dios dispone; ahora las cosas est\u00e1n absolutamente asumidas y yo vuelvo a mi querida comuna luego de entregar la Gobernaci\u00f3n de Palena el pr\u00f3ximo viernes 29 de junio. Adem\u00e1s ya estamos trabajando en una planificaci\u00f3n que sugiere cambios sustanciales para que Dalcahue retome su senda normal de desarrollo\u201d sostuvo.<\/p>\n<p style=\"text-align: justify;\">Al consultarle sobre la actual administraci\u00f3n, Juan Alberto P\u00e9rez dirigi\u00f3 sus dardos al actual alcalde Alfredo Hurtado diciendo que las cifras no mienten y no son para nada alentadoras \u201cal parecer el alcalde no ha tenido la certeza ni la capacidad de plasmar lo que en alg\u00fan momento prometi\u00f3 y por supuesto este es un elemento que hay que someterlo a un an\u00e1lisis profundo y adem\u00e1s la inversi\u00f3n p\u00fablica de fondos regionales esta sufriendo demasiado por la escasa gesti\u00f3n, porque estamos diciendo que se van ha invertir no m\u00e1s all\u00e1 de 500 millones de pesos este a\u00f1o, comparativamente con el 2008, donde nosotros superamos los 2 mil millones\u201d expres\u00f3.<\/p>\n<p style=\"text-align: justify;\">Agreg\u00f3 que \u201ccon lo anterior nos queda absolutamente claro que la actual administraci\u00f3n va de mal en peor y de tumbo en tumbo, porque cuando est\u00e1bamos en el municipio, en cuanto a fondos municipales, nosotros lleg\u00e1bamos a una cifra cercana a los 400 millones y el actual alcald\u00eda no supera los 60 millones; entonces con este an\u00e1lisis el gran afectado es la comunidad que no progresa\u201d coment\u00f3.<\/p>\n<p style=\"text-align: justify;\">Finalmente Juan Alberto P\u00e9rez se\u00f1al\u00f3 que conociendo las debilidades de la actual administraci\u00f3n se puede planificar una propuesta que supere las expectativas de la comunidad \u201ctenemos una tarea bastante grande porque nos encontraremos con varias situaciones de arrastre, pero hay que saber como desarrollar un plan de trabajo y encontrar las soluciones para poder reemprender este rumbo y darle a Dalcahue la cara que se merece\u201d puntualiz\u00f3.<\/p>\n<p style=\"text-align: justify;\">Departamento de Prensa<\/p>\n","protected":false},"excerpt":{"rendered":"<p>Las campa\u00f1as pol\u00edticas para las pr\u00f3ximas elecciones municipales al parecer ya comienzan en distintos puntos de la provincia de Chilo\u00e9, sobre todo en la comuna de Dalcahue, donde la batalla por el sill\u00f3n alcaldicio se cimienta con una dura cr\u00edtica que lanz\u00f3 recientemente, en una entrevista exclusiva a Radio Chilo\u00e9, el ya renunciado digamos, ex [&hellip;]<\/p>\n","protected":false},"author":2,"featured_media":1855,"comment_status":"open","ping_status":"open","sticky":false,"template":"","format":"standard","meta":[],"categories":[3],"tags":[5],"jetpack_featured_media_url":"https:\/\/www.radiochiloe.cl\/wp-content\/uploads\/2012\/06\/juanalbertoperez.jpg","_links":{"self":[{"href":"https:\/\/www.radiochiloe.cl\/index.php?rest_route=\/wp\/v2\/posts\/1854"}],"collection":[{"href":"https:\/\/www.radiochiloe.cl\/index.php?rest_route=\/wp\/v2\/posts"}],"about":[{"href":"https:\/\/www.radiochiloe.cl\/index.php?rest_route=\/wp\/v2\/types\/post"}],"author":[{"embeddable":true,"href":"https:\/\/www.radiochiloe.cl\/index.php?rest_route=\/wp\/v2\/users\/2"}],"replies":[{"embeddable":true,"href":"https:\/\/www.radiochiloe.cl\/index.php?rest_route=%2Fwp%2Fv2%2Fcomments&post=1854"}],"version-history":[{"count":2,"href":"https:\/\/www.radiochiloe.cl\/index.php?rest_route=\/wp\/v2\/posts\/1854\/revisions"}],"predecessor-version":[{"id":1857,"href":"https:\/\/www.radiochiloe.cl\/index.php?rest_route=\/wp\/v2\/posts\/1854\/revisions\/1857"}],"wp:featuredmedia":[{"embeddable":true,"href":"https:\/\/www.radiochiloe.cl\/index.php?rest_route=\/wp\/v2\/media\/1855"}],"wp:attachment":[{"href":"https:\/\/www.radiochiloe.cl\/index.php?rest_route=%2Fwp%2Fv2%2Fmedia&parent=1854"}],"wp:term":[{"taxonomy":"category","embeddable":true,"href":"https:\/\/www.radiochiloe.cl\/index.php?rest_route=%2Fwp%2Fv2%2Fcategories&post=1854"},{"taxonomy":"post_tag","embeddable":true,"href":"https:\/\/www.radiochiloe.cl\/index.php?rest_route=%2Fwp%2Fv2%2Ftags&post=1854"}],"curies":[{"name":"wp","href":"https:\/\/api.w.org\/{rel}","templated":true}]}}