{"id":1858,"date":"2012-06-27T11:00:14","date_gmt":"2012-06-27T15:00:14","guid":{"rendered":"http:\/\/www.radiochiloe.cl\/?p=1858"},"modified":"2012-06-26T21:47:54","modified_gmt":"2012-06-27T01:47:54","slug":"se-entregaron-fondos-para-proyectos-de-adultos-mayores-en-la-region","status":"publish","type":"post","link":"https:\/\/www.radiochiloe.cl\/?p=1858","title":{"rendered":"Se entregaron fondos para proyectos de adultos mayores en la regi\u00f3n"},"content":{"rendered":"<p style=\"text-align: justify;\">El Fondo Nacional del Adulto Mayor contribuye a la promoci\u00f3n, protecci\u00f3n de los derechos y participaci\u00f3n social de las personas mayores. Fomenta su autonom\u00eda, autogesti\u00f3n y asociatividad, expres\u00f3 la m\u00e1xima autoridad regional junto a la directora regional del Senama.<\/p>\n<p style=\"text-align: justify;\">172 Proyectos de distintas organizaciones y agrupaciones de adultos mayores de las cuatro provincias de la Regi\u00f3n de Los Lagos, ser\u00e1n financiados gracias a los 148 millones de pesos que inyectar\u00e1 el Servicio Nacional del Adulto Mayor (Senama) a trav\u00e9s del Fondo Nacional del Adulto Mayor, noticia que fue aplaudida hoy por el intendente Juan Sebasti\u00e1n Montes, quien entreg\u00f3 68 certificados a beneficiados de la Provincia de Osorno.<\/p>\n<p style=\"text-align: justify;\">En el encuentro, estuvieron presentes la directora regional del Senama, Mar\u00eda Cristina Kneer; el gobernador de Osorno, Rodrigo Kauak; el Seremi de Desarrollo Social, Felipe de Mussy, adem\u00e1s de parlamentarios de la zona, quienes compartieron y celebraron con los adultos mayores que podr\u00e1n concretar las iniciativas presentadas por su organizaci\u00f3n.<\/p>\n<p style=\"text-align: justify;\">El Fondo Nacional del Adulto Mayor es un programa del Estado de Chile, establecido en la ley 19.828, que financia proyectos ideados, elaborados y desarrollados por organizaciones de adultos mayores a trav\u00e9s de concursos, cuyo objetivo es generar y desarrollar capacidades de autogesti\u00f3n, autonom\u00eda e independencia de los adultos mayores participantes.<\/p>\n<p style=\"text-align: justify;\">Montes y Kneer agregaron que este fondo busca tambi\u00e9n financiar proyectos en la l\u00ednea de ejecutores intermedios que consideren realizar acciones tendientes a prestar un conjunto de servicios sociales, de cuidados, de salud u otros a adultos mayores que vivan en situaci\u00f3n de vulnerabilidad o dependencia, gratuitos e innovadores que favorezcan la protecci\u00f3n de sus derechos y calidad de vida.<\/p>\n<p style=\"text-align: justify;\">El Fondo Nacional del Adulto Mayor contribuye a la promoci\u00f3n, protecci\u00f3n de los derechos y participaci\u00f3n social de las personas mayores. Fomenta su autonom\u00eda, autogesti\u00f3n y asociatividad, expres\u00f3 el intendente Montes junto a la directora regional del Senama.<\/p>\n<p style=\"text-align: justify;\">Departamento de Prensa<\/p>\n","protected":false},"excerpt":{"rendered":"<p>El Fondo Nacional del Adulto Mayor contribuye a la promoci\u00f3n, protecci\u00f3n de los derechos y participaci\u00f3n social de las personas mayores. Fomenta su autonom\u00eda, autogesti\u00f3n y asociatividad, expres\u00f3 la m\u00e1xima autoridad regional junto a la directora regional del Senama. 172 Proyectos de distintas organizaciones y agrupaciones de adultos mayores de las cuatro provincias de la [&hellip;]<\/p>\n","protected":false},"author":2,"featured_media":1859,"comment_status":"open","ping_status":"open","sticky":false,"template":"","format":"standard","meta":[],"categories":[3],"tags":[5],"jetpack_featured_media_url":"https:\/\/www.radiochiloe.cl\/wp-content\/uploads\/2012\/06\/adultosmayores.jpg","_links":{"self":[{"href":"https:\/\/www.radiochiloe.cl\/index.php?rest_route=\/wp\/v2\/posts\/1858"}],"collection":[{"href":"https:\/\/www.radiochiloe.cl\/index.php?rest_route=\/wp\/v2\/posts"}],"about":[{"href":"https:\/\/www.radiochiloe.cl\/index.php?rest_route=\/wp\/v2\/types\/post"}],"author":[{"embeddable":true,"href":"https:\/\/www.radiochiloe.cl\/index.php?rest_route=\/wp\/v2\/users\/2"}],"replies":[{"embeddable":true,"href":"https:\/\/www.radiochiloe.cl\/index.php?rest_route=%2Fwp%2Fv2%2Fcomments&post=1858"}],"version-history":[{"count":1,"href":"https:\/\/www.radiochiloe.cl\/index.php?rest_route=\/wp\/v2\/posts\/1858\/revisions"}],"predecessor-version":[{"id":1860,"href":"https:\/\/www.radiochiloe.cl\/index.php?rest_route=\/wp\/v2\/posts\/1858\/revisions\/1860"}],"wp:featuredmedia":[{"embeddable":true,"href":"https:\/\/www.radiochiloe.cl\/index.php?rest_route=\/wp\/v2\/media\/1859"}],"wp:attachment":[{"href":"https:\/\/www.radiochiloe.cl\/index.php?rest_route=%2Fwp%2Fv2%2Fmedia&parent=1858"}],"wp:term":[{"taxonomy":"category","embeddable":true,"href":"https:\/\/www.radiochiloe.cl\/index.php?rest_route=%2Fwp%2Fv2%2Fcategories&post=1858"},{"taxonomy":"post_tag","embeddable":true,"href":"https:\/\/www.radiochiloe.cl\/index.php?rest_route=%2Fwp%2Fv2%2Ftags&post=1858"}],"curies":[{"name":"wp","href":"https:\/\/api.w.org\/{rel}","templated":true}]}}