{"id":1875,"date":"2012-06-27T16:10:34","date_gmt":"2012-06-27T20:10:34","guid":{"rendered":"http:\/\/www.radiochiloe.cl\/?p=1875"},"modified":"2012-06-27T15:44:44","modified_gmt":"2012-06-27T19:44:44","slug":"asistentes-de-la-educacion-de-chiloe-se-reunieron-con-autoridades-de-gobierno","status":"publish","type":"post","link":"https:\/\/www.radiochiloe.cl\/?p=1875","title":{"rendered":"Asistentes de la Educaci\u00f3n de Chilo\u00e9 se reunieron con autoridades de gobierno"},"content":{"rendered":"<p style=\"text-align: justify;\">Los empleados buscan que el Ejecutivo los contemple en el proyecto de ley de incentivo al retiro, al igual que otros gremios del sector p\u00fablico.<\/p>\n<p style=\"text-align: justify;\">Este lunes dirigentes chilotes, regionales y nacionales de los asistentes de la educaci\u00f3n de Chilo\u00e9 se reunieron en Santiago con el ministro secretario general de gobierno Andr\u00e9s Chadwick y el subsecretario del ramo Fernando Rojas.<\/p>\n<p style=\"text-align: justify;\">El encuentro gestionado por el diputado por Chilo\u00e9 y Palena, Alejandro Santana, tuvo como objetivo concientizar a las autoridades la urgencia de que el Gobierno los contemple en el proyecto de incentivo al retiro, tal como se ha hecho con otros gremios.<\/p>\n<p style=\"text-align: justify;\">En ese sentido el parlamentario explic\u00f3 que \u201cellos est\u00e1n a la espera de poder, entre otras cosas, tener un incentivo al retiro que sea equivalente a lo que otros gremios de los empleados fiscales est\u00e1n postulando y es por eso que nos reunimos con el ministro Chadwick y el subsecretario de Educaci\u00f3n para ir avanzando en estas materias y que el ministro articule con los ministerios correspondientes para que esto llegue a buen puerto con la presentaci\u00f3n del proyecto de ley en el Congreso.\u201d<\/p>\n<p style=\"text-align: justify;\">El diputado Santana inform\u00f3 que otro aspecto abordado en la cita fue la necesidad de contar con una normativa clara y espec\u00edfica que les permita desarrollarse y aspirar a mejores cargos dentro de sus funciones.<\/p>\n<p style=\"text-align: justify;\">\u201cEl subsecretario lo ha tomado de muy buena manera, han estado trabajando en el tiempo, me dio la impresi\u00f3n que la informaci\u00f3n que los asistentes de educaci\u00f3n recibieron de parte de \u00e9l fue satisfactoria, porque han entendido que no es letra muerta. Por otra parte el ministro Chadwick va a plantear estas inquietudes al ministro de Hacienda, lo que me parece justo, porque no debiera haber discriminaci\u00f3n entre los distintos gremios y funcionarios p\u00fablicos. Creo que si estamos hoy d\u00eda en una pol\u00edtica nacional, la estandarizaci\u00f3n es lo que corresponde\u201d, expres\u00f3 el legislador.<\/p>\n<p style=\"text-align: justify;\">Otro aspecto tratado entre los dirigentes y autoridades de gobierno fue la posibilidad de revaluar el bono de zonas extremas, ya que seg\u00fan explic\u00f3 Santana \u201ca juicio de los asistentes de la educaci\u00f3n es necesario darle una nueva mirada a esta materia que el gobierno mejor\u00f3, y por eso creo que es muy importante que hayan podido dialogar con los ministerios correspondientes.\u201d<\/p>\n<p style=\"text-align: justify;\">El diputado RN, finalmente, valor\u00f3 la disposici\u00f3n del Ejecutivo, se\u00f1alando que es fundamental que exista retroalimentaci\u00f3n entre las partes para poder consensuar.<\/p>\n<p style=\"text-align: justify;\">Departamento de Prensa<\/p>\n","protected":false},"excerpt":{"rendered":"<p>Los empleados buscan que el Ejecutivo los contemple en el proyecto de ley de incentivo al retiro, al igual que otros gremios del sector p\u00fablico. Este lunes dirigentes chilotes, regionales y nacionales de los asistentes de la educaci\u00f3n de Chilo\u00e9 se reunieron en Santiago con el ministro secretario general de gobierno Andr\u00e9s Chadwick y el [&hellip;]<\/p>\n","protected":false},"author":2,"featured_media":1876,"comment_status":"open","ping_status":"open","sticky":false,"template":"","format":"standard","meta":[],"categories":[3],"tags":[5],"jetpack_featured_media_url":"https:\/\/www.radiochiloe.cl\/wp-content\/uploads\/2012\/06\/asistentes.jpg","_links":{"self":[{"href":"https:\/\/www.radiochiloe.cl\/index.php?rest_route=\/wp\/v2\/posts\/1875"}],"collection":[{"href":"https:\/\/www.radiochiloe.cl\/index.php?rest_route=\/wp\/v2\/posts"}],"about":[{"href":"https:\/\/www.radiochiloe.cl\/index.php?rest_route=\/wp\/v2\/types\/post"}],"author":[{"embeddable":true,"href":"https:\/\/www.radiochiloe.cl\/index.php?rest_route=\/wp\/v2\/users\/2"}],"replies":[{"embeddable":true,"href":"https:\/\/www.radiochiloe.cl\/index.php?rest_route=%2Fwp%2Fv2%2Fcomments&post=1875"}],"version-history":[{"count":2,"href":"https:\/\/www.radiochiloe.cl\/index.php?rest_route=\/wp\/v2\/posts\/1875\/revisions"}],"predecessor-version":[{"id":1878,"href":"https:\/\/www.radiochiloe.cl\/index.php?rest_route=\/wp\/v2\/posts\/1875\/revisions\/1878"}],"wp:featuredmedia":[{"embeddable":true,"href":"https:\/\/www.radiochiloe.cl\/index.php?rest_route=\/wp\/v2\/media\/1876"}],"wp:attachment":[{"href":"https:\/\/www.radiochiloe.cl\/index.php?rest_route=%2Fwp%2Fv2%2Fmedia&parent=1875"}],"wp:term":[{"taxonomy":"category","embeddable":true,"href":"https:\/\/www.radiochiloe.cl\/index.php?rest_route=%2Fwp%2Fv2%2Fcategories&post=1875"},{"taxonomy":"post_tag","embeddable":true,"href":"https:\/\/www.radiochiloe.cl\/index.php?rest_route=%2Fwp%2Fv2%2Ftags&post=1875"}],"curies":[{"name":"wp","href":"https:\/\/api.w.org\/{rel}","templated":true}]}}