{"id":1887,"date":"2012-06-28T07:00:43","date_gmt":"2012-06-28T11:00:43","guid":{"rendered":"http:\/\/www.radiochiloe.cl\/?p=1887"},"modified":"2012-06-27T18:57:32","modified_gmt":"2012-06-27T22:57:32","slug":"este-viernes-se-realizara-en-castro-la-tradicional-fiesta-religiosa-de-san-pedro","status":"publish","type":"post","link":"https:\/\/www.radiochiloe.cl\/?p=1887","title":{"rendered":"Este viernes se realizara en Castro la tradicional fiesta religiosa de San Pedro"},"content":{"rendered":"<p style=\"text-align: justify;\">Con una procesi\u00f3n en el mar, los pescadores de Castro, esperan celebrar la fiesta religiosa de su Santo Patrono San Pedro.<\/p>\n<p style=\"text-align: justify;\">Seg\u00fan lo informado por Rodelindo Caicheo, presidente del sindicato de pescadores artesanales de la caleta Pedro Montt de esta ciudad, las actividades se desarrollar\u00e1n este viernes, saliendo con la imagen del santo desde la capilla de San Pedro, ubicada en el sector de Gamboa, a las 13.30 para dirigirse hasta el muelle de las papas de la calle Lillo, donde se celebrar\u00e1 la Santa Misa \u201cla invitaci\u00f3n es todos nuestros socios para que nos acompa\u00f1en a esta ceremonia y a la posterior procesi\u00f3n por la bah\u00eda de Castro\u201d sostuvo.<\/p>\n<p style=\"text-align: justify;\">Rodelindo Caicheo, se\u00f1al\u00f3 que es primera vez que su sindicato participa activamente de esta fiesta religiosa, por lo que reiter\u00f3 su invitaci\u00f3n a los pescadores y no pescadores y a la comunidad en general para participar de esta actividad que se celebra a lo largo de todo el pa\u00eds \u201cen esta oportunidad se realiz\u00f3 una planificaci\u00f3n con mucha anticipaci\u00f3n, por eso estamos participando activamente como sindicato. La invitaci\u00f3n es para toda la comunidad de Castro para que nos acompa\u00f1e este viernes\u201d puntualiz\u00f3.<\/p>\n<p style=\"text-align: justify;\">El dirigente reiter\u00f3 que la misa de San Pedro se celebrar\u00e1 este viernes a las 2 de la tarde en el sector del muelle de las papas en calle Lillo en Castro y posteriormente se dar\u00e1 inicio a la tradicional procesi\u00f3n en el mar, para lo cual se contar\u00e1 con el apoyo de la Armada de Chile y de Carabineros.<\/p>\n<p style=\"text-align: justify;\">Agreg\u00f3 que esta fiesta de los pescadores es tambi\u00e9n una fiesta de toda la comunidad, para los cual se esperan que sean muchas las personas que se hagan participe de esta actividad religiosa.<\/p>\n<p style=\"text-align: justify;\">Departamento de Prensa<\/p>\n","protected":false},"excerpt":{"rendered":"<p>Con una procesi\u00f3n en el mar, los pescadores de Castro, esperan celebrar la fiesta religiosa de su Santo Patrono San Pedro. Seg\u00fan lo informado por Rodelindo Caicheo, presidente del sindicato de pescadores artesanales de la caleta Pedro Montt de esta ciudad, las actividades se desarrollar\u00e1n este viernes, saliendo con la imagen del santo desde la [&hellip;]<\/p>\n","protected":false},"author":2,"featured_media":1888,"comment_status":"open","ping_status":"open","sticky":false,"template":"","format":"standard","meta":[],"categories":[3],"tags":[5],"jetpack_featured_media_url":"https:\/\/www.radiochiloe.cl\/wp-content\/uploads\/2012\/06\/fiestasanpedro.jpg","_links":{"self":[{"href":"https:\/\/www.radiochiloe.cl\/index.php?rest_route=\/wp\/v2\/posts\/1887"}],"collection":[{"href":"https:\/\/www.radiochiloe.cl\/index.php?rest_route=\/wp\/v2\/posts"}],"about":[{"href":"https:\/\/www.radiochiloe.cl\/index.php?rest_route=\/wp\/v2\/types\/post"}],"author":[{"embeddable":true,"href":"https:\/\/www.radiochiloe.cl\/index.php?rest_route=\/wp\/v2\/users\/2"}],"replies":[{"embeddable":true,"href":"https:\/\/www.radiochiloe.cl\/index.php?rest_route=%2Fwp%2Fv2%2Fcomments&post=1887"}],"version-history":[{"count":2,"href":"https:\/\/www.radiochiloe.cl\/index.php?rest_route=\/wp\/v2\/posts\/1887\/revisions"}],"predecessor-version":[{"id":1890,"href":"https:\/\/www.radiochiloe.cl\/index.php?rest_route=\/wp\/v2\/posts\/1887\/revisions\/1890"}],"wp:featuredmedia":[{"embeddable":true,"href":"https:\/\/www.radiochiloe.cl\/index.php?rest_route=\/wp\/v2\/media\/1888"}],"wp:attachment":[{"href":"https:\/\/www.radiochiloe.cl\/index.php?rest_route=%2Fwp%2Fv2%2Fmedia&parent=1887"}],"wp:term":[{"taxonomy":"category","embeddable":true,"href":"https:\/\/www.radiochiloe.cl\/index.php?rest_route=%2Fwp%2Fv2%2Fcategories&post=1887"},{"taxonomy":"post_tag","embeddable":true,"href":"https:\/\/www.radiochiloe.cl\/index.php?rest_route=%2Fwp%2Fv2%2Ftags&post=1887"}],"curies":[{"name":"wp","href":"https:\/\/api.w.org\/{rel}","templated":true}]}}